{"id":776,"date":"2012-05-14T20:02:44","date_gmt":"2012-05-14T18:02:44","guid":{"rendered":"http:\/\/www.touchofart.eu\/blog\/?p=776"},"modified":"2022-11-24T10:14:26","modified_gmt":"2022-11-24T08:14:26","slug":"z-cyklu-swiatowy-rynek-sztuki-2","status":"publish","type":"post","link":"https:\/\/www.touchofart.eu\/blog\/z-cyklu-swiatowy-rynek-sztuki-2\/","title":{"rendered":"Z cyklu: \u015aWIATOWY RYNEK SZTUKI"},"content":{"rendered":"<p>Przewidywana warto\u015b\u0107 80 mln dolar\u00f3w wzros\u0142a do&nbsp; kwoty 120 mln dolar\u00f3w na aukcji drugiego, po Mona Lisie, najbardziej znanego w \u015bwiecie obrazu &#8222;Krzyk&#8221;. Obraz&nbsp; norweskiego ekspresjonisty wylicytowa\u0142 telefonicznie anonimowy kolekcjoner.<\/p>\n<p>&nbsp;<\/p>\n<figure id=\"attachment_777\" aria-describedby=\"caption-attachment-777\" style=\"width: 550px\" class=\"wp-caption aligncenter\"><a href=\"https:\/\/www.touchofart.eu\/blog\/wp-content\/uploads\/2012\/05\/Krzyk.jpg\"><img loading=\"lazy\" decoding=\"async\" class=\" wp-image-777\" title=\"Krzyk\" src=\"https:\/\/www.touchofart.eu\/blog\/wp-content\/uploads\/2012\/05\/Krzyk.jpg\" alt=\"\" width=\"550\" height=\"694\" srcset=\"https:\/\/www.touchofart.eu\/blog\/wp-content\/uploads\/2012\/05\/Krzyk.jpg 640w, https:\/\/www.touchofart.eu\/blog\/wp-content\/uploads\/2012\/05\/Krzyk-237x300.jpg 237w\" sizes=\"(max-width: 550px) 100vw, 550px\" \/><\/a><figcaption id=\"caption-attachment-777\" class=\"wp-caption-text\">Edward Munch, Krzyk, \u017ar\u00f3d\u0142o: SE's catalogue<\/figcaption><\/figure>\n<p>&nbsp;<\/p>\n<p>&nbsp;<\/p>\n<p>\u0179r\u00f3d\u0142o: rynek-sztuki.pl<\/p>\n<p>se.pl<\/p>\n<p style=\"text-align: left;\">&#8212;&#8212;&#8212;&#8212;&#8212;&#8212;&#8212;&#8212;&#8212;&#8212;&#8212;&#8212;&#8212;&#8212;&#8212;&#8212;&#8212;&#8212;&#8212;&#8212;&#8212;&#8212;&#8212;&#8212;&#8212;&#8212;&#8212;&#8212;&#8212;&#8212;&#8212;&#8212;&#8212;&#8212;&#8212;&#8212;&#8212;&#8212;&#8212;&#8212;&#8212;&#8212;&#8211;<\/p>\n<p style=\"text-align: left;\">Propozycja Galerii Touchofart<\/p>\n<figure id=\"attachment_782\" aria-describedby=\"caption-attachment-782\" style=\"width: 160px\" class=\"wp-caption alignleft\"><a href=\"https:\/\/www.touchofart.eu\/Luis-Ganoza\/lg1-Krzyk\/\"><img loading=\"lazy\" decoding=\"async\" class=\" wp-image-782 \" title=\"Krzyk\" src=\"https:\/\/www.touchofart.eu\/blog\/wp-content\/uploads\/2012\/05\/Krzyk1-300x297.jpg\" alt=\"\" width=\"160\" height=\"160\" srcset=\"https:\/\/www.touchofart.eu\/blog\/wp-content\/uploads\/2012\/05\/Krzyk1-150x150.jpg 150w, https:\/\/www.touchofart.eu\/blog\/wp-content\/uploads\/2012\/05\/Krzyk1.jpg 960w\" sizes=\"(max-width: 160px) 100vw, 160px\" \/><\/a><figcaption id=\"caption-attachment-782\" class=\"wp-caption-text\">Krzyk, Luis Ganoza<\/figcaption><\/figure>\n","protected":false},"excerpt":{"rendered":"<p>Przewidywana warto\u015b\u0107 80 mln dolar\u00f3w wzros\u0142a do&nbsp; kwoty 120 mln dolar\u00f3w na aukcji drugiego, po Mona Lisie, najbardziej znanego w \u015bwiecie obrazu &#8222;Krzyk&#8221;. Obraz&nbsp; norweskiego ekspresjonisty wylicytowa\u0142 telefonicznie anonimowy kolekcjoner. &nbsp; &nbsp; &nbsp; \u0179r\u00f3d\u0142o: rynek-sztuki.pl se.pl &#8212;&#8212;&#8212;&#8212;&#8212;&#8212;&#8212;&#8212;&#8212;&#8212;&#8212;&#8212;&#8212;&#8212;&#8212;&#8212;&#8212;&#8212;&#8212;&#8212;&#8212;&#8212;&#8212;&#8212;&#8212;&#8212;&#8212;&#8212;&#8212;&#8212;&#8212;&#8212;&#8212;&#8212;&#8212;&#8212;&#8212;&#8212;&#8212;&#8212;&#8212;&#8212;&#8211; Propozycja Galerii Touchofart<\/p>\n","protected":false},"author":2,"featured_media":777,"comment_status":"open","ping_status":"open","sticky":false,"template":"","format":"standard","meta":{"footnotes":""},"categories":[10],"tags":[397,395,396,155,366],"_links":{"self":[{"href":"https:\/\/www.touchofart.eu\/blog\/wp-json\/wp\/v2\/posts\/776"}],"collection":[{"href":"https:\/\/www.touchofart.eu\/blog\/wp-json\/wp\/v2\/posts"}],"about":[{"href":"https:\/\/www.touchofart.eu\/blog\/wp-json\/wp\/v2\/types\/post"}],"author":[{"embeddable":true,"href":"https:\/\/www.touchofart.eu\/blog\/wp-json\/wp\/v2\/users\/2"}],"replies":[{"embeddable":true,"href":"https:\/\/www.touchofart.eu\/blog\/wp-json\/wp\/v2\/comments?post=776"}],"version-history":[{"count":7,"href":"https:\/\/www.touchofart.eu\/blog\/wp-json\/wp\/v2\/posts\/776\/revisions"}],"predecessor-version":[{"id":4823,"href":"https:\/\/www.touchofart.eu\/blog\/wp-json\/wp\/v2\/posts\/776\/revisions\/4823"}],"wp:featuredmedia":[{"embeddable":true,"href":"https:\/\/www.touchofart.eu\/blog\/wp-json\/wp\/v2\/media\/777"}],"wp:attachment":[{"href":"https:\/\/www.touchofart.eu\/blog\/wp-json\/wp\/v2\/media?parent=776"}],"wp:term":[{"taxonomy":"category","embeddable":true,"href":"https:\/\/www.touchofart.eu\/blog\/wp-json\/wp\/v2\/categories?post=776"},{"taxonomy":"post_tag","embeddable":true,"href":"https:\/\/www.touchofart.eu\/blog\/wp-json\/wp\/v2\/tags?post=776"}],"curies":[{"name":"wp","href":"https:\/\/api.w.org\/{rel}","templated":true}]}}