{"id":4565,"date":"2022-02-01T13:40:06","date_gmt":"2022-02-01T11:40:06","guid":{"rendered":"https:\/\/www.touchofart.eu\/blog\/?p=4565"},"modified":"2022-02-01T13:40:08","modified_gmt":"2022-02-01T11:40:08","slug":"kubizm-i-jego-cechy-charakterystyczne-cz-ii","status":"publish","type":"post","link":"https:\/\/www.touchofart.eu\/blog\/kubizm-i-jego-cechy-charakterystyczne-cz-ii\/","title":{"rendered":"Kubizm i jego cechy charakterystyczne &#8211; cz. II"},"content":{"rendered":"\n<p><\/p>\n\n\n\n<figure class=\"wp-block-gallery columns-1 is-cropped wp-block-gallery-1 is-layout-flex wp-block-gallery-is-layout-flex\"><ul class=\"blocks-gallery-grid\"><li class=\"blocks-gallery-item\"><figure><a href=\"https:\/\/www.touchofart.eu\/blog\/wp-content\/uploads\/2022\/02\/spojrzenie_18_blekit_mbur139_184183.jpg\"><img loading=\"lazy\" decoding=\"async\" width=\"620\" height=\"923\" src=\"https:\/\/www.touchofart.eu\/blog\/wp-content\/uploads\/2022\/02\/spojrzenie_18_blekit_mbur139_184183.jpg\" alt=\"\" data-id=\"4569\" data-full-url=\"https:\/\/www.touchofart.eu\/blog\/wp-content\/uploads\/2022\/02\/spojrzenie_18_blekit_mbur139_184183.jpg\" data-link=\"https:\/\/www.touchofart.eu\/blog\/?attachment_id=4569\" class=\"wp-image-4569\" srcset=\"https:\/\/www.touchofart.eu\/blog\/wp-content\/uploads\/2022\/02\/spojrzenie_18_blekit_mbur139_184183.jpg 620w, https:\/\/www.touchofart.eu\/blog\/wp-content\/uploads\/2022\/02\/spojrzenie_18_blekit_mbur139_184183-202x300.jpg 202w\" sizes=\"(max-width: 620px) 100vw, 620px\" \/><\/a><\/figure><\/li><\/ul><figcaption class=\"blocks-gallery-caption\">Mieczys\u0142aw Burda, &#8222;Spojrzenie 18 b\u0142\u0119kit&#8221;, 95&#215;63 cm, obraz olejny na p\u0142ycie, galeria Touch of Art<\/figcaption><\/figure>\n\n\n\n<p><\/p>\n\n\n\n<p><\/p>\n\n\n\n<p>Bry\u0142owato\u015b\u0107, mocne, nasycone barwy i sztuka oparta na geometrycznych figurach. Kubizm, styl, o kt\u00f3rym czasem m\u00f3wi si\u0119, \u017ce jest drug\u0105 po renesansie rewolucj\u0105 w sztuce, pojawi\u0142 si\u0119 na pocz\u0105tku ubieg\u0142ego stulecia. Chocia\u017c arty\u015bci zrywaj\u0105 z klasycznym malarstwem, nadal tworz\u0105 portrety, martwe natury i akty. Na czym polega kubizm? Jacy s\u0105 najwa\u017cniejsi przedstawiciele tego kierunku?<\/p>\n\n\n\n<p><strong>Kr\u00f3tka historia kubizmu<\/strong><\/p>\n\n\n\n<p>Po raz pierwszy o nowej, zaskakuj\u0105cej stylistyce us\u0142yszano w 1907 roku. W jednej z paryskich galerii widownia wygl\u0105da na nieco zdezorientowan\u0105. Na \u015bcianie pyszni\u0105 si\u0119 przed nimi \u201ePanny z Avinionu\u201d, dzie\u0142o, o kt\u00f3rym jeden z krytyk\u00f3w powie p\u00f3\u017aniej, \u017ce stanowi \u201epunkt wyj\u015bcia z kubizmu\u201d. Pablo Picasso, tw\u00f3rca z\u0142o\u017conej z sze\u015bcian\u00f3w kompozycji inspiracji szuka w afryka\u0144skich maskach, staro iberyjskiej sztuce i w tw\u00f3rczo\u015bci Paula C\u00e9zanne&#8217;a. <\/p>\n\n\n\n<p>Rok p\u00f3\u017aniej w \u015bwiecie artystycznej bohemy nast\u0119puje kolejny zwrot. Georges Braques otrzymuje odmow\u0119 z Salonu Jesiennego. Malarz wygl\u0105da na zszokowanego, w tej wystawie pok\u0142ada\u0142 wiele nadziei. Nie wszyscy podzielaj\u0105 jego zdanie. Jeden z recenzent\u00f3w: \u201eCzy\u017c mamy m\u00f3wi\u0107 o kubizmie? Kubizm to bzdurny wynalazek g\u0142upc\u00f3w, kt\u00f3rzy chcieliby mie\u0107 w Picassie duchowego przewodnika\u201d. <\/p>\n\n\n\n<p>Wi\u0119cej na temat kubizmu tutaj: https:\/\/www.touchofart.eu\/blog\/co-warto-wiedziec-o-kubizmie-w-malarstwie-cz-i\/<\/p>\n\n\n\n<p><strong>Kubizm &#8211; nurt wielkich deformacji<\/strong><\/p>\n\n\n\n<p>Takie opinie pojawiaj\u0105 si\u0119 w prasie coraz cz\u0119\u015bciej. R\u00f3wnie\u017c na ulicach Pary\u017ca s\u0142ycha\u0107 coraz wi\u0119cej o tw\u00f3rcach ceni\u0105cych podstawowe formy geometryczne, tj. kwadrat, prostok\u0105t. Arty\u015bci uzupe\u0142niaj\u0105 je o kilka odcieni takich samych barw, pozbawiaj\u0105 prace perspektywy. <\/p>\n\n\n\n<p>Zdeformowane postacie i przedmioty to kolejny wyznacznik kubizmu. Arty\u015bci stawiaj\u0105 na silne emocje, staraj\u0105 si\u0119 zaskoczy\u0107 widza. Z czasem do swoich prac dodaj\u0105 piasek, opi\u0142ki drewna, fragmenty gazet. W ten spos\u00f3b powstaj\u0105 zapadaj\u0105ce w pami\u0119ci kola\u017ce. Jedna z wizyt\u00f3wek nowej stylistyki.<\/p>\n\n\n\n<p><strong>Dyskusje na temat kubizmu<\/strong><\/p>\n\n\n\n<p>Poznaj\u0105 si\u0119 przez przypadek. Picasso zauwa\u017ca Braquesa, gdy ten usi\u0142uje sprzeda\u0107 jeden z obraz\u00f3w. W ko\u0144cu zaczynaj\u0105 si\u0119 spotyka\u0107 w wynajmowanej przez Pabla pracowni, gdzie od rana do wieczora podrzucaj\u0105 nowe pomys\u0142y, idee. Mi\u0119dzy dyskusjami, cz\u0119sto ko\u0144cz\u0105cymi si\u0119 awanturami, tworz\u0105 nowe obrazy.<\/p>\n\n\n\n<p>Braques: \u201eCzy gdyby\u015bmy si\u0119 nie spotkali z Picassem, kubizm by\u0142by tym czym jest? Jestem przekonany, \u017ce nie. To spotkanie by\u0142o szczeg\u00f3ln\u0105 okoliczno\u015bci\u0105 naszego \u017cycia\u201d. P\u0142askie plamy barwne zast\u0119puj\u0105 wyrazistymi bry\u0142ami. Tym samym zmieniaj\u0105 spos\u00f3b patrzenia na klasyczne malarstwo.<\/p>\n\n\n\n<p><strong>Z\u0142ota era kubizmu<\/strong><\/p>\n\n\n\n<p>Kolejne wernisa\u017ce sprawiaj\u0105, \u017ce Picasso i Braques zyskuj\u0105 status gwiazd. Nie mog\u0105 odp\u0119dzi\u0107 si\u0119 od zam\u00f3wie\u0144, pracuj\u0105 nieprzerwanie przez kilkana\u015bcie dni nad jednym dzie\u0142em. To ich nie jedyny problem. Mi\u0142o\u015bnicy wsp\u00f3\u0142czesnej sztuki \u017c\u0105daj\u0105, by arty\u015bci pojawili si\u0119 na kt\u00f3rej\u015b z wystaw; ci pozostaj\u0105 jednak niewzruszeni. <\/p>\n\n\n\n<p>Na domiar z\u0142ego kubi\u015bci maj\u0105 coraz wi\u0119ksz\u0105 konkurencj\u0119, na\u015bladowcy potrafi\u0105 wykona\u0107 dzie\u0142a taniej i szybciej. Z czasem Picasso zaczyna odcina\u0107 si\u0119 od malarzy, kt\u00f3rzy wed\u0142ug niego nie maj\u0105 poj\u0119cia o obrazach wype\u0142nionych sze\u015bcianami.<\/p>\n\n\n\n<p>\u201e<strong>Ojcowie\u201d kubizmu<\/strong><\/p>\n\n\n\n<p>Paul C\u00e9zanne, Pablo Picasso i Georges Braques to nie jedyni arty\u015bci wykonuj\u0105cy intryguj\u0105ce, bry\u0142owate obrazy. Widoki z g\u00f3ry \u015bw. Wiktorii, liczne wizerunki kobiet, m\u0119\u017cczyzn i dzieci oraz przypominaj\u0105ce ska\u0142y kompozycje dla wielu zwolennik\u00f3w wsp\u00f3\u0142czesnej sztuki staj\u0105 si\u0119 genialnymi p\u0142\u00f3tnami, dzie\u0142ami nie do podrobienia. Wkr\u00f3tce do ikon kubizmu do\u0142\u0105czaj\u0105 te\u017c Fernand Leger, Francis Picabia czy Louis Marcoussis.<\/p>\n\n\n\n<p>Picasso nie jest zadowolony; pytany o najwa\u017cniejszych przedstawicieli kubizmu wymienia siebie i Braquesa. Innych malarzy nie uznaje. Z dum\u0105 powtarza za C\u00e9zannem, \u017ce \u201eSztuka przemawia jedynie do niezmiernie ograniczonej liczby ludzi\u201d. Dodaje: \u201eNiekt\u00f3rzy malarze przekszta\u0142caj\u0105 s\u0142o\u0144ce w \u017c\u00f3\u0142t\u0105 plam\u0119, ale s\u0105 inni, kt\u00f3rzy dzi\u0119ki swojej sztuce i inteligencji przekszta\u0142caj\u0105 \u017c\u00f3\u0142t\u0105 plam\u0119 w s\u0142o\u0144ce\u201d. Dla wielu tw\u00f3rc\u00f3w te s\u0142owa stan\u0105 si\u0119 mottem, credo, bez kt\u00f3rego nie potrafi\u0105 pracowa\u0107 nad nowymi dzie\u0142ami.<\/p>\n\n\n\n<p><strong>Mieczys\u0142aw Burda w Touch of Art<\/strong><\/p>\n\n\n\n<p>Sztuk\u0119 pe\u0142n\u0105 pastelowych odcieni b\u0142\u0119kitu, oran\u017cu i br\u0105zu uwielbia Mieczys\u0142aw Burda. Artysta postrzega sztuk\u0119 jako przygod\u0119, kt\u00f3rej nie spos\u00f3b przewidzie\u0107. Ceni autentyczno\u015b\u0107, ch\u0119tnie korzysta z w\u0142asnych do\u015bwiadcze\u0144. Mo\u017ce dlatego uwielbia kubizm, nurt, kt\u00f3ry nigdy nie straci\u0142 na znaczeniu.<\/p>\n\n\n\n<p><strong>Waldemar Jarosz w galerii Touch of Art<\/strong><\/p>\n\n\n\n<p>Inaczej swoj\u0105 sztuk\u0119 postrzega Waldemar Jarosz. Artysta na sta\u0142e zwi\u0105zany z Koszalinem, uwielbia cykle malarskie. Pos\u0142uguje si\u0119 r\u00f3\u017cnymi technikami od pastelu poprzez olej, akryl i gwasz, jednak du\u017c\u0105 wag\u0119 przywi\u0105zuje do kola\u017cy. <\/p>\n\n\n\n<p>Ka\u017cda praca intryguje, artysta zestawia ze sob\u0105 intensywne kolory, p\u0142askie plamy barwne, wyra\u017anie zaznaczone kontury i proste figury geometryczne, tj. ko\u0142o. Wi\u0119cej obraz\u00f3w kubist\u00f3w z galerii Touch of Art tutaj: https:\/\/www.touchofart.eu\/Kubizm\/kierunek\/.<\/p>\n\n\n\n<figure class=\"wp-block-embed\"><div class=\"wp-block-embed__wrapper\">\nhttps:\/\/www.touchofart.eu\/galeria\/p\/3\/direction\/6\/.\n<\/div><\/figure>\n\n\n\n<p><strong>Rewolucja zwana kubizmem<\/strong><\/p>\n\n\n\n<p>Obrazy przypominaj\u0105ce kola\u017ce, z\u0142o\u017cone z r\u00f3\u017cnych materia\u0142\u00f3w prace, nie wygl\u0105daj\u0105ce jak tradycyjna sztuka, podzieli\u0142y mi\u0142o\u015bnik\u00f3w malarstwa. Z czasem Pabla Picassa i Georges&#8217;a Braquesa zacz\u0119to nazywa\u0107 artystami, dla kt\u00f3rych nie ma rzeczy niemo\u017cliwych. Zdeformowane, wy\u0142aniaj\u0105ce si\u0119 z kwadrat\u00f3w, prostok\u0105t\u00f3w i sze\u015bcian\u00f3w postacie sta\u0142y si\u0119 znakiem rozpoznawczym stylistyki, kt\u00f3ra zrewolucjonizowa\u0142a wsp\u00f3\u0142czesn\u0105 sztuk\u0119.<\/p>\n","protected":false},"excerpt":{"rendered":"<p>Bry\u0142owato\u015b\u0107, mocne, nasycone barwy i sztuka oparta na geometrycznych figurach. Kubizm, styl, o kt\u00f3rym czasem m\u00f3wi si\u0119, \u017ce jest drug\u0105 po renesansie rewolucj\u0105 w sztuce, pojawi\u0142 si\u0119 na pocz\u0105tku ubieg\u0142ego stulecia. Chocia\u017c arty\u015bci zrywaj\u0105 z klasycznym malarstwem, nadal tworz\u0105 portrety, martwe natury i akty. Na czym polega kubizm? Jacy s\u0105 najwa\u017cniejsi przedstawiciele tego kierunku? Kr\u00f3tka&#8230;<\/p>\n","protected":false},"author":6,"featured_media":4569,"comment_status":"open","ping_status":"open","sticky":false,"template":"","format":"standard","meta":{"footnotes":""},"categories":[13],"tags":[7135,7138,7144,7169,7137,7141,7167,7159,7149,7147,7161,7155,7150,6794,6792,906,7143,7142,7179,7178,6827,7140,5110,7175,6796,7173,7180,7207,7197,7191,7186,7172,7177,7205,7196,7190,7183,611,7170,7168,6793,6791,6826,6795,7206,7204,7166,6831,6835,6828,7203,7136,7139,7165,7156,7162,7164,7163,7152,7145,7160,7158,5111,7198,7195,7157,5107,5112,7194,236,1037,5908,6832,248,7154,7148,2944,7151,7185,7184,6829,7146,5113,7182,7192,7189,6877,7153,5109,7188,7171,7174,7202,7193,7200,7201,7199,7181,7187],"_links":{"self":[{"href":"https:\/\/www.touchofart.eu\/blog\/wp-json\/wp\/v2\/posts\/4565"}],"collection":[{"href":"https:\/\/www.touchofart.eu\/blog\/wp-json\/wp\/v2\/posts"}],"about":[{"href":"https:\/\/www.touchofart.eu\/blog\/wp-json\/wp\/v2\/types\/post"}],"author":[{"embeddable":true,"href":"https:\/\/www.touchofart.eu\/blog\/wp-json\/wp\/v2\/users\/6"}],"replies":[{"embeddable":true,"href":"https:\/\/www.touchofart.eu\/blog\/wp-json\/wp\/v2\/comments?post=4565"}],"version-history":[{"count":2,"href":"https:\/\/www.touchofart.eu\/blog\/wp-json\/wp\/v2\/posts\/4565\/revisions"}],"predecessor-version":[{"id":4570,"href":"https:\/\/www.touchofart.eu\/blog\/wp-json\/wp\/v2\/posts\/4565\/revisions\/4570"}],"wp:featuredmedia":[{"embeddable":true,"href":"https:\/\/www.touchofart.eu\/blog\/wp-json\/wp\/v2\/media\/4569"}],"wp:attachment":[{"href":"https:\/\/www.touchofart.eu\/blog\/wp-json\/wp\/v2\/media?parent=4565"}],"wp:term":[{"taxonomy":"category","embeddable":true,"href":"https:\/\/www.touchofart.eu\/blog\/wp-json\/wp\/v2\/categories?post=4565"},{"taxonomy":"post_tag","embeddable":true,"href":"https:\/\/www.touchofart.eu\/blog\/wp-json\/wp\/v2\/tags?post=4565"}],"curies":[{"name":"wp","href":"https:\/\/api.w.org\/{rel}","templated":true}]}}