{"id":4449,"date":"2021-10-13T09:29:37","date_gmt":"2021-10-13T07:29:37","guid":{"rendered":"https:\/\/www.touchofart.eu\/blog\/?p=4449"},"modified":"2021-10-13T09:29:39","modified_gmt":"2021-10-13T07:29:39","slug":"ekspresjonizm-sztuka-emocji-cz-i","status":"publish","type":"post","link":"https:\/\/www.touchofart.eu\/blog\/ekspresjonizm-sztuka-emocji-cz-i\/","title":{"rendered":"Ekspresjonizm. Sztuka emocji &#8211; cz. I"},"content":{"rendered":"\n<p><\/p>\n\n\n\n<p><\/p>\n\n\n\n<figure class=\"wp-block-gallery columns-1 is-cropped wp-block-gallery-1 is-layout-flex wp-block-gallery-is-layout-flex\"><ul class=\"blocks-gallery-grid\"><li class=\"blocks-gallery-item\"><figure><a href=\"https:\/\/www.touchofart.eu\/blog\/wp-content\/uploads\/2021\/10\/Struktura_uniesien_alu370_221750.jpg\"><img loading=\"lazy\" decoding=\"async\" width=\"619\" height=\"483\" src=\"https:\/\/www.touchofart.eu\/blog\/wp-content\/uploads\/2021\/10\/Struktura_uniesien_alu370_221750.jpg\" alt=\"\" data-id=\"4450\" data-full-url=\"https:\/\/www.touchofart.eu\/blog\/wp-content\/uploads\/2021\/10\/Struktura_uniesien_alu370_221750.jpg\" data-link=\"https:\/\/www.touchofart.eu\/blog\/?attachment_id=4450\" class=\"wp-image-4450\" srcset=\"https:\/\/www.touchofart.eu\/blog\/wp-content\/uploads\/2021\/10\/Struktura_uniesien_alu370_221750.jpg 619w, https:\/\/www.touchofart.eu\/blog\/wp-content\/uploads\/2021\/10\/Struktura_uniesien_alu370_221750-300x234.jpg 300w\" sizes=\"(max-width: 619px) 100vw, 619px\" \/><\/a><\/figure><\/li><\/ul><figcaption class=\"blocks-gallery-caption\"><br><br>Anna Lupa Suchy, <em>Struktura uniesie\u0144<\/em>, 70&#215;90 cm, olej na p\u0142\u00f3tnie, galeria Touch of Art<\/figcaption><\/figure>\n\n\n\n<p><\/p>\n\n\n\n<p><\/p>\n\n\n\n<p><\/p>\n\n\n\n<p>Wyraziste, oddzia\u0142uj\u0105ce na widza kolory z wyra\u017anie zaznaczonymi, wyr\u00f3\u017cniaj\u0105cymi si\u0119 konturami dzie\u0142a. Mocno zdeformowane, brzydkie postacie wyra\u017caj\u0105ce skrajne uczucia i emocje oddzia\u0142uj\u0105ce na widz\u00f3w i ich psychik\u0119.<\/p>\n\n\n\n<p>Ekspresjonizm to kierunek w sztuce, kt\u00f3ry narodzi\u0142 si\u0119 w 1901 roku, jednak popularno\u015b\u0107 zyska\u0142 dopiero na pocz\u0105tku XX wieku. To w\u0142a\u015bnie wtedy o nowym stylu w sztuce po raz pierwszy wspomina J. A. Herv\u00e8. Malarz wystawia cykl dzie\u0142 w Salonie Niezale\u017cnych.<\/p>\n\n\n\n<p>Dziesi\u0119\u0107 lat p\u00f3\u017aniej, w 1911 roku, w\u015br\u00f3d artyst\u00f3w znowu panuje poruszenie. W niemieckim \u201eDer Sturm\u201d po raz pierwszy wspomniano o grupie artystycznej, o kt\u00f3rej m\u00f3wi si\u0119, \u017ce uto\u017csamia si\u0119 z Paulem Gauginem i Vincentem van Goghiem. Herwarth Walden, niemiecki pisarz i krytyk sztuki: \u201eMalarz przedstawia to, co postrzega w najg\u0142\u0119bszych warstwach swej \u015bwiadomo\u015bci, wyra\u017ca samego siebie, przemijaj\u0105ca rzeczywisto\u015b\u0107 jest dla\u0144 jedynie symbolem, anga\u017cuje w \u00f3w proces samego siebie: to, co \u015bwiat zewn\u0119trzny zapisuje w jego \u015bwiadomo\u015bci, on z kolei wyra\u017ca od wewn\u0105trz\u201d. W ten sam spos\u00f3b zacz\u0119to nazywa\u0107 grup\u0119 \u201eDer Blaue Raute\u201d, w kt\u00f3rej dzia\u0142a Wassil Kandinsky. <\/p>\n\n\n\n<p>Ekspresjoni\u015bci postuluj\u0105 moraln\u0105 odnow\u0119 ludzko\u015bci, nawi\u0105zuj\u0105 do filozofii Nietzschego, Schopenhauera i Bergsona. Arty\u015bci ch\u0119tnie mieszaj\u0105 ze sob\u0105 kolory, pokazuj\u0105 brzydkie cia\u0142a, przedmioty. Wed\u0142ug nich s\u0105 one bardziej ludzkie, prawdziwe. Bardziej od tre\u015bci liczy si\u0119 dla nich forma dzie\u0142a.<\/p>\n\n\n\n<p>Herbert K\u0171hn: \u201eW przypadku ekspresjonizmu, mi\u0119dzy tym, co ma by\u0107 przedstawione, a samym przedmiotem istnieje g\u0142\u0119boka przepa\u015b\u0107. Przedstawiony przedmiot nie jest prost\u0105 projekcj\u0105 tego, co prezentuje, lecz zaproszeniem do zrozumienia tego, co rzeczywi\u015bcie przedstawia. To, co ma by\u0107 przedstawione, rozpoczyna si\u0119 niejako poza samym obrazem\u201d. Ci, kt\u00f3rzy pochwalaj\u0105 ekspresjonizm, tworz\u0105 coraz bardziej groteskowe przedmioty o wyra\u017anie zaznaczonych konturach. Oszcz\u0119dne, nieestetyczne prace wyra\u017caj\u0105ce wewn\u0119trzne napi\u0119cie buntuj\u0105cych si\u0119 artyst\u00f3w to kolejne cechy ekspresjonizmu. <\/p>\n\n\n\n<p>Malarze \u0142\u0105cz\u0105 ze sob\u0105 kontrastowe, niepasuj\u0105ce na pierwszy rzut oka barwy. W taki spos\u00f3b tworzy m.in. Franz Marc. Jego \u201eNiebieski ko\u0144\u201d z miejsca staje si\u0119 jednym z najbardziej rewolucyjnych ekspresjonistycznych dzie\u0142. Yvan Goll, pisarz: \u201eEkspresjonizm to pierwiastek intelektualny walcz\u0105cy ze \u015bwiatem pot\u0119gi materialnej, bunt sumienia przeciw pos\u0142usze\u0144stwu, krzyk serca przeciw masakrze i milczeniu uci\u015bnionych\u201d. Nikt jeszcze nie wie, \u017ce \u015bwiat znajduje si\u0119 na skraju przepa\u015bci.<\/p>\n\n\n\n<p>W Austrii i Niemczech nastaje czas niepokoju. Na ulicach Berlina, Monachium i Wiednia plotki rozchodz\u0105 si\u0119 lotem b\u0142yskawicy. M\u00f3wi si\u0119 o wojnie, mobilizacji m\u0119\u017cczyzn, rozpadzie starego \u015bwiata. Gdy ta nadchodzi pog\u0142\u0119bia si\u0119 przepa\u015b\u0107 mi\u0119dzy pokoleniami. Arty\u015bci przeciwstawiaj\u0105 si\u0119 chaosowi, niekt\u00f3rzy anga\u017cuj\u0105 si\u0119 politycznie. Jednym z nich jest Franz Marc. M\u00f3wi: \u201eNowe pokolenie nie chce (i nie mo\u017ce) \u017cy\u0107 r\u00f3wnie beztrosko, co poprzednicy, nie wi\u0105\u017ce si\u0119 z tym jednak pogarda dla przesz\u0142o\u015bci. \u015awiat zmieni\u0142 si\u0119 ca\u0142kowicie i arty\u015bci, aby pozosta\u0107 aktualni wobec rzeczywisto\u015bci, musz\u0105 \u201eprzeci\u0105\u0107 p\u0119powin\u0119 \u0142\u0105cz\u0105c\u0105 ich z przesz\u0142o\u015bci\u0105\u201d.<\/p>\n\n\n\n<p>Po chwili dodaje: \u201e\u015awiat rodzi nowe czasy. Nie wiemy tylko, czy nadszed\u0142 ju\u017c czas odrzucenia starego \u015bwiata. (&#8230;) Oto niepokoj\u0105ce pytanie naszych czas\u00f3w\u201d. Ma racj\u0119. Malarze, graficy i rze\u017abiarze na zawsze odwracaj\u0105 si\u0119 od styl\u00f3w w jakich tworzyli. Coraz mocniej poci\u0105gaj\u0105 ich zdeformowane formy, intensywne kolory, dzi\u0119ki kt\u00f3rym wyra\u017caj\u0105 swoje uczucia. Uwa\u017caj\u0105, \u017ce bez nich sztuka nie istnieje. Dlatego wielu z nich tworzy dzie\u0142a nie do podrobienia.<\/p>\n\n\n\n<p>Podobnego zdania jest Ma\u0142gorzata Jab\u0142o\u0144ska, artystka dla kt\u00f3rej cz\u0142owiek stanowi jedn\u0105 z najwi\u0119kszych inspiracji. Nie lubi skupia\u0107 si\u0119 na jednym medium. Na p\u0142\u00f3tnach uk\u0142ada fa\u0142dy materia\u0142\u00f3w w intensywnych kolorach, \u0142\u0105czy je w nieoczywisty spos\u00f3b. Pi\u0119kno i brzydota. Obraz i rze\u017aba. Strach i fascynacja. Ciekawie zestawione faktury s\u0105 wa\u017cniejsze od tre\u015bci dzie\u0142a. Artystka nie skupia si\u0119 na jednym medium, woli \u0142\u0105czy\u0107 je ze sob\u0105, pokazywa\u0107 czasem skrajne emocje.<\/p>\n\n\n\n<p>Anna Lupa Suchy to artystka, kt\u00f3rej warsztatowej bieg\u0142o\u015bci zazdroszcz\u0105 inni malarze. Zatrzymane w danej chwili, dynamiczne i uchwycone w wielu profilach postacie stanowi\u0105 jej sk\u0142adniki stylu. Najwi\u0119ksza inspiracja? Cz\u0142owiek i jego uczucia. Stworzone z linii, p\u0142aszczyzn, intensywnych barw i \u015bwiat\u0142a postacie nie pozwalaj\u0105 zamyka\u0107 si\u0119 w sztywnych ramach i formach. Malarka przyznaje, \u017ce ch\u0119tnie \u0142\u0105czy ze sob\u0105 r\u00f3\u017cne style, jednak najbardziej wierna jest ekspresjonizmowi. Nie przepada za ograniczeniami, uznaje tw\u00f3rcz\u0105 swobod\u0119. Chocia\u017c dba o precyzyjne wyko\u0144czenie obraz\u00f3w lubi gdy zacieraj\u0105 si\u0119 krzywizny i kontury.<\/p>\n\n\n\n<p>Wi\u0119cej dzie\u0142 ekspresjonist\u00f3w z galerii Touch of Art: https:\/\/www.touchofart.eu\/galeria\/p\/3\/direction\/3\/, https:\/\/www.touchofart.eu\/galeria\/p\/4\/direction\/3\/.<\/p>\n\n\n\n<p>Ekspresjonizm pojawi\u0142 si\u0119 kr\u00f3tko przed I wojn\u0105 \u015bwiatow\u0105, zafascynowa\u0142 artyst\u00f3w na ca\u0142ym \u015bwiecie. Sztuka, w kt\u00f3rej wa\u017cniejsze od tre\u015bci by\u0142y formy dzie\u0142 spodoba\u0142a si\u0119 te\u017c publiczno\u015bci. Kontrastuj\u0105ce ze sob\u0105 sugestywne barwy, ostre, zacieraj\u0105ce si\u0119 kontury i zdeformowane przedmioty malarze, rze\u017abiarze i graficy wkr\u00f3tce zast\u0105pili nieco innymi stylami. Ale to zupe\u0142nie inna opowie\u015b\u0107.<\/p>\n","protected":false},"excerpt":{"rendered":"<p>Wyraziste, oddzia\u0142uj\u0105ce na widza kolory z wyra\u017anie zaznaczonymi, wyr\u00f3\u017cniaj\u0105cymi si\u0119 konturami dzie\u0142a. Mocno zdeformowane, brzydkie postacie wyra\u017caj\u0105ce skrajne uczucia i emocje oddzia\u0142uj\u0105ce na widz\u00f3w i ich psychik\u0119. Ekspresjonizm to kierunek w sztuce, kt\u00f3ry narodzi\u0142 si\u0119 w 1901 roku, jednak popularno\u015b\u0107 zyska\u0142 dopiero na pocz\u0105tku XX wieku. To w\u0142a\u015bnie wtedy o nowym stylu w sztuce po&#8230;<\/p>\n","protected":false},"author":6,"featured_media":4450,"comment_status":"open","ping_status":"open","sticky":false,"template":"","format":"standard","meta":{"footnotes":""},"categories":[13],"tags":[5375,5406,5384,5373,5391,5401,5393,5395,5397,5382,5387,5301,5304,5309,5315,5320,5207,5229,5210,5228,5223,5220,5166,5327,5331,5340,5342,4922,5269,4924,4921,5273,4926,5260,5258,5274,5283,5296,5279,5291,5154,418,5407,5408,5305,5221,5165,5328,5268,5272,5284,5185,5160,5287,5286,5403,5204,5201,5240,5307,5311,5171,5168,5200,5377,5379,5381,5163,5271,5217,5219,5245,5243,5172,5159,5330,5156,5155,5182,5184,906,5385,5392,5230,5295,5158,5298,5299,5389,5248,5253,5224,5361,5364,5366,5334,5110,5178,5276,5275,5285,5300,5281,5293,5288,5297,5277,5290,5374,5404,5390,5399,5388,4962,5203,4963,5202,4966,5195,5197,4964,5191,5196,5231,5241,5250,5234,5247,5302,5303,5310,5314,5322,5308,5316,5319,5170,5208,5209,5225,5226,5167,4961,5199,5190,5186,5189,1996,5183,5346,5376,5362,5349,5357,5367,5347,5378,5363,5348,5380,5365,5356,5369,5354,5359,5371,5351,5325,5326,5329,5338,5345,5335,5333,5337,5398,5402,5312,5211,4925,4927,5280,5164,5111,5278,5282,5400,5206,5205,5239,5317,5313,4967,5350,5353,5352,5266,5215,5213,5236,5238,5107,5112,4920,5270,5265,5267,5263,5218,5212,5216,5214,5233,5244,5232,5242,5237,5252,5235,5254,5169,5179,5177,5180,186,5336,5383,5394,5321,5222,5341,5259,5292,5157,2944,5386,5396,5343,5162,5161,5193,5227,5188,5198,5370,5372,5368,5344,5113,5264,5251,5181,5175,5289,5294,5192,5194,5246,5318,5323,5187,5358,5360,5355,5332,5339,5109,5262,5257,5176,5174,3591,5173],"_links":{"self":[{"href":"https:\/\/www.touchofart.eu\/blog\/wp-json\/wp\/v2\/posts\/4449"}],"collection":[{"href":"https:\/\/www.touchofart.eu\/blog\/wp-json\/wp\/v2\/posts"}],"about":[{"href":"https:\/\/www.touchofart.eu\/blog\/wp-json\/wp\/v2\/types\/post"}],"author":[{"embeddable":true,"href":"https:\/\/www.touchofart.eu\/blog\/wp-json\/wp\/v2\/users\/6"}],"replies":[{"embeddable":true,"href":"https:\/\/www.touchofart.eu\/blog\/wp-json\/wp\/v2\/comments?post=4449"}],"version-history":[{"count":1,"href":"https:\/\/www.touchofart.eu\/blog\/wp-json\/wp\/v2\/posts\/4449\/revisions"}],"predecessor-version":[{"id":4451,"href":"https:\/\/www.touchofart.eu\/blog\/wp-json\/wp\/v2\/posts\/4449\/revisions\/4451"}],"wp:featuredmedia":[{"embeddable":true,"href":"https:\/\/www.touchofart.eu\/blog\/wp-json\/wp\/v2\/media\/4450"}],"wp:attachment":[{"href":"https:\/\/www.touchofart.eu\/blog\/wp-json\/wp\/v2\/media?parent=4449"}],"wp:term":[{"taxonomy":"category","embeddable":true,"href":"https:\/\/www.touchofart.eu\/blog\/wp-json\/wp\/v2\/categories?post=4449"},{"taxonomy":"post_tag","embeddable":true,"href":"https:\/\/www.touchofart.eu\/blog\/wp-json\/wp\/v2\/tags?post=4449"}],"curies":[{"name":"wp","href":"https:\/\/api.w.org\/{rel}","templated":true}]}}