{"id":4383,"date":"2021-08-27T11:01:13","date_gmt":"2021-08-27T09:01:13","guid":{"rendered":"https:\/\/www.touchofart.eu\/blog\/?p=4383"},"modified":"2021-08-27T13:53:53","modified_gmt":"2021-08-27T11:53:53","slug":"tamara-lempicka-krolowa-art-deco","status":"publish","type":"post","link":"https:\/\/www.touchofart.eu\/blog\/tamara-lempicka-krolowa-art-deco\/","title":{"rendered":"Tamara \u0141empicka. Kr\u00f3lowa art &#8211; d\u00e9co"},"content":{"rendered":"\n<p><\/p>\n\n\n\n<p><\/p>\n\n\n\n<figure class=\"wp-block-gallery aligncenter columns-1 is-cropped wp-block-gallery-1 is-layout-flex wp-block-gallery-is-layout-flex\"><ul class=\"blocks-gallery-grid\"><li class=\"blocks-gallery-item\"><figure><a href=\"https:\/\/www.touchofart.eu\/blog\/wp-content\/uploads\/2021\/08\/Wiosna_tle6_217780.jpg\"><img loading=\"lazy\" decoding=\"async\" width=\"620\" height=\"864\" src=\"https:\/\/www.touchofart.eu\/blog\/wp-content\/uploads\/2021\/08\/Wiosna_tle6_217780.jpg\" alt=\"\" data-id=\"4386\" data-full-url=\"https:\/\/www.touchofart.eu\/blog\/wp-content\/uploads\/2021\/08\/Wiosna_tle6_217780.jpg\" data-link=\"https:\/\/www.touchofart.eu\/blog\/tamara-lempicka-krolowa-art-deco\/wiosna_tle6_217780\/\" class=\"wp-image-4386\" srcset=\"https:\/\/www.touchofart.eu\/blog\/wp-content\/uploads\/2021\/08\/Wiosna_tle6_217780.jpg 620w, https:\/\/www.touchofart.eu\/blog\/wp-content\/uploads\/2021\/08\/Wiosna_tle6_217780-215x300.jpg 215w\" sizes=\"(max-width: 620px) 100vw, 620px\" \/><\/a><\/figure><\/li><\/ul><figcaption class=\"blocks-gallery-caption\"><br><br>Tamara \u0141empicka, <em>Wiosna<\/em>, 45&#215;35 cm, serigrafia barwna na papierze, galeria Touch of Art<\/figcaption><\/figure>\n\n\n\n<p><\/p>\n\n\n\n<p><\/p>\n\n\n\n<p>Jej p\u0142\u00f3tna zdobi\u0105 niejedn\u0105 muzealn\u0105 sal\u0119. Z reprodukcji wydruk\u00f3w, plakat\u00f3w i tapet u\u015bmiechaj\u0105 si\u0119 na wp\u00f3\u0142 rozebrane damy o nieco zalotnych spojrzeniach. Chocia\u017c dzi\u015b obrazy Tamary \u0141empickiej osi\u0105gaj\u0105 zawrotne ceny na aukcjach, ona sama d\u0142ugo nie wiedzia\u0142a, \u017ce zostanie jedn\u0105 z najs\u0142ynniejszych na \u015bwiecie malarek.<\/p>\n\n\n\n<p>Urodzi\u0142a si\u0119 16 maja 1898 roku w Warszawie, ale szybko przeprowadzi\u0142a si\u0119 do Petersburga. Gdy kilkana\u015bcie lat p\u00f3\u017aniej, w 1911 roku, wkracza na salony, wie, \u017ce opr\u00f3cz talentu i ci\u0119\u017ckiej pracy musi zdoby\u0107 koneksje. Dlatego wolny czas po\u015bwi\u0119ca na intensywne i bujne \u017cycie towarzyskie. Na jednym z przyj\u0119\u0107 poznaje Tadeusza \u0141empickiego. Uwodzi go wybuja\u0142\u0105 seksualno\u015bci\u0105, determinacj\u0105 i pracowito\u015bci\u0105.<\/p>\n\n\n\n<p>\u0141empicka: \u201e(&#8230;) \u017beby prze\u017cy\u0107, trzeba wykorzystywa\u0107 swe cia\u0142o i pos\u0142ugiwa\u0107 si\u0119 seksem\u201d. Dzi\u0119ki przygodnemu romansowi ze szwedzkim konsulem udaje jej si\u0119 wydoby\u0107 z aresztu \u0141empickiego. Zwi\u0105zek z konsulem trwa kilka dni. Po nim nast\u0119puj\u0105 kolejne r\u00f3wnie kr\u00f3tkotrwa\u0142e znajomo\u015bci. Tamara lubi dotyka\u0107 ludzi. Zdarza jej si\u0119 przesiadywa\u0107 w klubach, gdzie w dzie\u0144 kszta\u0142ci si\u0119 w kierunku sztuki. Tak\u0105 rad\u0119 otrzymuje od siostry, kt\u00f3ra zach\u0119ca \u0141empick\u0105 do namalowania kilku obrazach.<\/p>\n\n\n\n<p>Po jednym z przyj\u0119\u0107 Tamara zostaje do rana i tworzy pierwszy akt. Do obrazu, p\u00f3\u017aniej sprzedanego za krocie, pozuje przypadkowo poznana prostytutka. Potem s\u0105 portrety. Jak wszystko co tworzy jej prace musz\u0105 by\u0107 \u201ejakie\u015b\u201d. Oryginalne i bezpruderyjne. Starannie wyko\u0144czone, eleganckie, z\u0142o\u017cone z prostych geometrycznych bry\u0142.<\/p>\n\n\n\n<p>Jeden z krytyk\u00f3w: \u201eModelki Tamary de \u0141empickiej<strong> <\/strong>to kobiety nowoczesne. Nie znaj\u0105 hipokryzji i wstydu w kategoriach moralno\u015bci bur\u017cuazyjnej. S\u0105 opalone i ogorza\u0142e od wiatru, a ich cia\u0142a spr\u0119\u017cyste (&#8230;)\u201d. \u0141empicka pozuje na kobiet\u0119 nowoczesn\u0105 i tworzy takie kompozycje. Obraca si\u0119 w \u015bwiecie artyst\u00f3w, czuje si\u0119 w nim doskonale.<\/p>\n\n\n\n<p>Do czasu. Coraz cz\u0119stsze napady depresji, kt\u00f3re Tamara pr\u00f3buje zaleczy\u0107 trzema paczkami papieros\u00f3w i walerian\u0105 nie pomagaj\u0105. Obsesyjnie pr\u00f3buje po\u0142\u0105czy\u0107 role matki, \u017cony, rozpustnicy i artystki. Z miernym skutkiem.<\/p>\n\n\n\n<p>Wreszcie rozstaje si\u0119 z Tadeuszem, zachowuje jego nazwisko. Z c\u00f3rk\u0105 te\u017c nie \u0142\u0105cz\u0105 j\u0105 najlepsze relacje &#8211; bardziej od Kizette liczy si\u0119 Iry Parrot. Ukochana modelka, a tak\u017ce &#8211; je\u015bli wierzy\u0107 plotkom &#8211; kochanka. Wreszcie \u0141empicka wpada na genialny pomys\u0142. Pakuje walizk\u0119 i wyje\u017cd\u017ca w pierwsz\u0105 od lat podr\u00f3\u017c.<\/p>\n\n\n\n<p>We Florencji ko\u0144czy kurs malarstwa, zar\u0119cza si\u0119 z nauczycielem, kt\u00f3ry dopiero po chwili orientuje si\u0119 kim jest \u0141empicka. W Rzymie podszywa si\u0119 pod Gret\u0119 Garbo, W\u0142ochom to nie przeszkadza. Elegancka i zadbana malarka przypomina j\u0105 nie tylko z fizjonomii. Ubrania z metkami najlepszych projektant\u00f3w sprawiaj\u0105, \u017ce zaczyna pojawia\u0107 si\u0119 na ok\u0142adkach magazyn\u00f3w. Tak samo jak jej p\u0142\u00f3tna. Tamara ma powody do zadowolenia. Szaleje za ni\u0105 arystokracja, ch\u0119tnie bywa zapraszana na rauty. Ma te\u017c pieni\u0105dze &#8211; tylko do 28. roku \u017cycia mo\u017ce pochwali\u0107 si\u0119 milionem dolar\u00f3w na koncie!<\/p>\n\n\n\n<p>Maluje du\u017co i dok\u0142adnie. Ka\u017cda nawet najdrobniejsza plama ma dla niej szczeg\u00f3lne znaczenie. W latach 30. jej tw\u00f3rczo\u015b\u0107 wkracza na nowy etap dzi\u0119ki Raoulowi Kuffnerowi. Potentat i mecenas sztuki szybko zachwyca si\u0119 art dekowskimi obrazami \u0141empickiej. Kuffner nie poci\u0105ga fizycznie Tamary, jest jednak zakochany w malarstwie, do tego ma gust. Obrazy \u017cony wiesza obok cenionego przez ni\u0105 D\u0171rera.<\/p>\n\n\n\n<p>Przed II wojn\u0105 \u015bwiatow\u0105 par\u0119 ratuje wyjazd do Stan\u00f3w. Wynajmuj\u0105 nieproporcjonalnie du\u017c\u0105 will\u0119, w kt\u00f3rej \u0141empicka samodzielnie obs\u0142uguje go\u015bci. Chocia\u017c sta\u0107 j\u0105 na pomoc domow\u0105 gotuje bigos, przyprawia go ostrymi przyprawami. Na te przyj\u0119cia chce dosta\u0107 si\u0119 ka\u017cdy mi\u0142o\u015bnik wsp\u00f3\u0142czesnej sztuki.<\/p>\n\n\n\n<p>W trakcie wojny do \u0141empickiej dociera, \u017ce zmieni\u0142 si\u0119 \u015bwiat. Ona tak\u017ce si\u0119 zmienia. Zamiast nowobogackich dam maluje bied\u0119 i cierpienie. Zostaje wolontariuszk\u0105, w wolnym czasie projektuje i szyje kobiece mundury. Nieustannie szuka inspiracji. Najpierw poci\u0105ga j\u0105 malarstwo holenderskie i flamandzkie, p\u00f3\u017aniej abstrakcje. Te dzie\u0142a nigdy nie spotkaj\u0105 si\u0119 z przychylnymi opiniami krytyk\u00f3w. Tamara pod\u0142amuje si\u0119. Chce by\u0107 na czasie, dlatego ci\u0105gle zmienia styl.<\/p>\n\n\n\n<p>Po raz kolejny Amerykanie odkrywaj\u0105 j\u0105 dopiero w latach 70. Za bajo\u0144skie sumy schodz\u0105 dzie\u0142a z lat 20. i 30. Inne nie. Gdy 18 marca 1980 roku umiera w Meksyku jeszcze nie wie, \u017ce wkr\u00f3tce zostanie najlepiej sprzedaj\u0105c\u0105 si\u0119 artystk\u0105.<\/p>\n\n\n\n<p>Tylko w 2018 roku \u201eLa Musicienne\u201d idzie pod m\u0142otek za 9 milion\u00f3w dolar\u00f3w. To rekordowo wysoka suma za prac\u0119 polskiego artysty. Rok p\u00f3\u017aniej pada kolejny rekord &#8211; jeden z kolekcjoner\u00f3w nabywa \u201eLa tunique rose\u201d za 13,3 mln dolar\u00f3w. Najdro\u017csze dzie\u0142o Tamary? \u201ePortrait de Marjore Ferry\u201d sprzedany za 16.28 mln funt\u00f3w, przesz\u0142o 82 milion\u00f3w z\u0142otych!<\/p>\n\n\n\n<p>Tamara \u0141empicka bywa nazywana kr\u00f3low\u0105 art &#8211; d\u00e9co. Tworzy\u0142a niezapomniane i intryguj\u0105ce dzie\u0142a, chocia\u017c nigdy nie planowa\u0142a takiej kariery. W jednym z ostatnich wywiad\u00f3w przyzna\u0142a: \u201eNie licz\u0105 si\u0119 pocz\u0105tki, o ile koniec jest dobry\u201d. W jej przypadku ta z\u0142ota my\u015bl si\u0119 sprawdzi\u0142a.<\/p>\n\n\n\n<p><\/p>\n","protected":false},"excerpt":{"rendered":"<p>Jej p\u0142\u00f3tna zdobi\u0105 niejedn\u0105 muzealn\u0105 sal\u0119. Z reprodukcji wydruk\u00f3w, plakat\u00f3w i tapet u\u015bmiechaj\u0105 si\u0119 na wp\u00f3\u0142 rozebrane damy o nieco zalotnych spojrzeniach. Chocia\u017c dzi\u015b obrazy Tamary \u0141empickiej osi\u0105gaj\u0105 zawrotne ceny na aukcjach, ona sama d\u0142ugo nie wiedzia\u0142a, \u017ce zostanie jedn\u0105 z najs\u0142ynniejszych na \u015bwiecie malarek. Urodzi\u0142a si\u0119 16 maja 1898 roku w Warszawie, ale szybko&#8230;<\/p>\n","protected":false},"author":6,"featured_media":4384,"comment_status":"open","ping_status":"open","sticky":false,"template":"","format":"standard","meta":{"footnotes":""},"categories":[7,13,10],"tags":[4507,4514,4517,4509,4520,4532,4533,4510,4523,4526,4528,4483,4508,4491,4496,4484,4512,4511,4492,4497,4493,4529,4494,4489,4530,4487,4515,4519,4524,4535,4506,4485,4521,4522,4536,4525,4490,4503,4495,4498,4505,4504,4500,4502,2825,2870,4513,4531,4499,340,4534,4527,4486,4501],"_links":{"self":[{"href":"https:\/\/www.touchofart.eu\/blog\/wp-json\/wp\/v2\/posts\/4383"}],"collection":[{"href":"https:\/\/www.touchofart.eu\/blog\/wp-json\/wp\/v2\/posts"}],"about":[{"href":"https:\/\/www.touchofart.eu\/blog\/wp-json\/wp\/v2\/types\/post"}],"author":[{"embeddable":true,"href":"https:\/\/www.touchofart.eu\/blog\/wp-json\/wp\/v2\/users\/6"}],"replies":[{"embeddable":true,"href":"https:\/\/www.touchofart.eu\/blog\/wp-json\/wp\/v2\/comments?post=4383"}],"version-history":[{"count":2,"href":"https:\/\/www.touchofart.eu\/blog\/wp-json\/wp\/v2\/posts\/4383\/revisions"}],"predecessor-version":[{"id":4388,"href":"https:\/\/www.touchofart.eu\/blog\/wp-json\/wp\/v2\/posts\/4383\/revisions\/4388"}],"wp:featuredmedia":[{"embeddable":true,"href":"https:\/\/www.touchofart.eu\/blog\/wp-json\/wp\/v2\/media\/4384"}],"wp:attachment":[{"href":"https:\/\/www.touchofart.eu\/blog\/wp-json\/wp\/v2\/media?parent=4383"}],"wp:term":[{"taxonomy":"category","embeddable":true,"href":"https:\/\/www.touchofart.eu\/blog\/wp-json\/wp\/v2\/categories?post=4383"},{"taxonomy":"post_tag","embeddable":true,"href":"https:\/\/www.touchofart.eu\/blog\/wp-json\/wp\/v2\/tags?post=4383"}],"curies":[{"name":"wp","href":"https:\/\/api.w.org\/{rel}","templated":true}]}}