{"id":4335,"date":"2021-07-28T10:29:03","date_gmt":"2021-07-28T08:29:03","guid":{"rendered":"https:\/\/www.touchofart.eu\/blog\/?p=4335"},"modified":"2021-07-28T10:29:05","modified_gmt":"2021-07-28T08:29:05","slug":"przemiany-czyli-malarstwo-tomasza-alena-kopery","status":"publish","type":"post","link":"https:\/\/www.touchofart.eu\/blog\/przemiany-czyli-malarstwo-tomasza-alena-kopery\/","title":{"rendered":"Przemiany, czyli malarstwo Tomasza Alena Kopery"},"content":{"rendered":"\n<figure class=\"wp-block-gallery columns-1 is-cropped wp-block-gallery-1 is-layout-flex wp-block-gallery-is-layout-flex\"><ul class=\"blocks-gallery-grid\"><li class=\"blocks-gallery-item\"><figure><a href=\"https:\/\/www.touchofart.eu\/blog\/wp-content\/uploads\/2021\/07\/Tomasz-Alen-Kopera_K19_tal68_194305.jpg\"><img loading=\"lazy\" decoding=\"async\" width=\"659\" height=\"1024\" src=\"https:\/\/www.touchofart.eu\/blog\/wp-content\/uploads\/2021\/07\/Tomasz-Alen-Kopera_K19_tal68_194305-659x1024.jpg\" alt=\"\" data-id=\"4336\" data-full-url=\"https:\/\/www.touchofart.eu\/blog\/wp-content\/uploads\/2021\/07\/Tomasz-Alen-Kopera_K19_tal68_194305.jpg\" data-link=\"https:\/\/www.touchofart.eu\/blog\/?attachment_id=4336\" class=\"wp-image-4336\" srcset=\"https:\/\/www.touchofart.eu\/blog\/wp-content\/uploads\/2021\/07\/Tomasz-Alen-Kopera_K19_tal68_194305-659x1024.jpg 659w, https:\/\/www.touchofart.eu\/blog\/wp-content\/uploads\/2021\/07\/Tomasz-Alen-Kopera_K19_tal68_194305-193x300.jpg 193w, https:\/\/www.touchofart.eu\/blog\/wp-content\/uploads\/2021\/07\/Tomasz-Alen-Kopera_K19_tal68_194305-768x1193.jpg 768w, https:\/\/www.touchofart.eu\/blog\/wp-content\/uploads\/2021\/07\/Tomasz-Alen-Kopera_K19_tal68_194305-989x1536.jpg 989w, https:\/\/www.touchofart.eu\/blog\/wp-content\/uploads\/2021\/07\/Tomasz-Alen-Kopera_K19_tal68_194305.jpg 1030w\" sizes=\"(max-width: 659px) 100vw, 659px\" \/><\/a><figcaption class=\"blocks-gallery-item__caption\">Tomasz Alen Kopera, <em>K19<\/em><\/figcaption><\/figure><\/li><\/ul><\/figure>\n\n\n\n<p><strong><em>Czasy si\u0119 zmieniaj\u0105, a my wraz z nim <\/em>\u2013 w pi\u015bmiennictwie Owidiusza motyw przemiany zajmuje niezmiernie wa\u017cn\u0105 pozycj\u0119. Pokazuje nieustanny ruch \u015bwiata fakt\u00f3w, mit\u00f3w i wyobra\u017ce\u0144, kt\u00f3re podlegaj\u0105 wielorakim metamorfozom.<\/strong><\/p>\n\n\n\n<p>Temat przemiany od czas\u00f3w staro\u017cytnych fascynowa\u0142 i przyci\u0105ga\u0142 artyst\u00f3w. Mo\u017cna go spotka\u0107 w dzie\u0142ach renesansu i baroku. Nie stroni\u0105 od niego r\u00f3wnie\u017c wsp\u00f3\u0142cze\u015bni arty\u015bci, jak cho\u0107by Tomasz Alen Kopera, kt\u00f3ry wprost nawi\u0105zuje do klasycznych owidiuszowskich metamorfoz.<\/p>\n\n\n\n<h2 class=\"wp-block-heading\">Obrazy Tomasza Alena Kopery &#8211; wszystko p\u0142ynie<\/h2>\n\n\n\n<p>Malarstwo Tomasza Alena Kopery wpisuje si\u0119 w szeroki nurt surrealistyczny i tak modny obecnie realizm magiczny. Artysta podchodzi do niego jednak w indywidualny spos\u00f3b. U wielu innych tw\u00f3rc\u00f3w kompozycje opieraj\u0105 si\u0119 bowiem na zestawieniu element\u00f3w realnych, po\u0142\u0105czonych jednak w niekonwencjonalne, cz\u0119sto zaskakuj\u0105ce ca\u0142o\u015bci.<\/p>\n\n\n\n<p>A jak tworzy swoje dzie\u0142a Kopera? Jego p\u0142\u00f3tna zape\u0142niaj\u0105 elementy ro\u015blinne, zwierz\u0119ce i ludzkie po\u0142\u0105czone w jedn\u0105, wzajemnie si\u0119 przenikaj\u0105c\u0105 tkank\u0119.<\/p>\n\n\n\n<h2 class=\"wp-block-heading\">Malarstwo przemiany<\/h2>\n\n\n\n<p>Jakie przemiany mo\u017cna zaobserwowa\u0107? Na p\u0142\u00f3tnach artysty pojawiaj\u0105 si\u0119 postaci o skamienia\u0142ych twarzach lub ko\u0144czynach przemieniaj\u0105cych si\u0119 w ga\u0142\u0119zie lub zbru\u017cd\u017con\u0105 kor\u0119. Wyst\u0119puj\u0105 cia\u0142a wy\u0142aniaj\u0105ce si\u0119 wprost z drzewa lub coraz mocniej zatapiaj\u0105ce si\u0119 w ga\u0142\u0119ziach i korze. Niekt\u00f3re postaci s\u0105 hybrydami ludzi i ptak\u00f3w o ludzkich twarzach i pi\u00f3rach zamiast w\u0142os\u00f3w. Wszystkie elementy wzajemnie si\u0119 przenikaj\u0105, tworz\u0105c nowe jako\u015bci i opowie\u015bci ponad czasem i znan\u0105 przestrzeni\u0105.<\/p>\n\n\n\n<p>Przedstawienia maj\u0105 wiele wsp\u00f3lnego z <em>Metamorfozami <\/em>Owidiusza, w kt\u00f3rych mo\u017cna przeczyta\u0107 cho\u0107by opis przemiany nimfy Dafne:<\/p>\n\n\n\n<p><em>Mi\u0119kka kora pieszczon\u0105 pier\u015b Dafne powleka.<\/em><\/p>\n\n\n\n<p><em>Wida\u0107 w\u0142os w li\u015bciach, r\u0119k\u0119 nikn\u0105c\u0105 w ga\u0142\u0119zi,<\/em><\/p>\n\n\n\n<p><em>Nog\u0119, dawniej tak lekk\u0105, ziemia w sobie wi\u0119zi,<\/em><\/p>\n\n\n\n<p><em>Wierzch pokrywa jej czo\u0142o; i w drzewa postaci<\/em><\/p>\n\n\n\n<p><em>Jeszcze nadobna Dafne pi\u0119kno\u015bci nie traci.<\/em><\/p>\n\n\n\n<p>W obu przypadkach moment przemiany i przenikania si\u0119 r\u00f3\u017cnych element\u00f3w stanowi apogeum i kluczowy temat tekstu lub obrazu.<\/p>\n\n\n\n<h2 class=\"wp-block-heading\">Malarstwo Tomasza Alena Kopery \u2013 \u015bwiat w nieustannym ruchu<\/h2>\n\n\n\n<p>Na obrazach Tomasza Alena Kopery postaci i \u015bwiat pozostaj\u0105 wci\u0105\u017c w momencie zmiany, kt\u00f3ra \u0142\u0105czy i przeistacza znane elementy. Nie ma dla nich jednoznacznej interpretacji. Jest za to przes\u0142anie malarskie, kt\u00f3re ka\u017cdy mo\u017ce odnale\u017a\u0107 dla siebie \u2013 poprzez kontakt z dzie\u0142em oraz w\u0142asnymi mniejszymi i wi\u0119kszymi metamorfozami, kt\u00f3re przecie\u017c stanowi\u0105 sta\u0142\u0105 cz\u0119\u015b\u0107 ludzkiego \u017cycia.<\/p>\n","protected":false},"excerpt":{"rendered":"<p>Czasy si\u0119 zmieniaj\u0105, a my wraz z nim \u2013 w pi\u015bmiennictwie Owidiusza motyw przemiany zajmuje niezmiernie wa\u017cn\u0105 pozycj\u0119. Pokazuje nieustanny ruch \u015bwiata fakt\u00f3w, mit\u00f3w i wyobra\u017ce\u0144, kt\u00f3re podlegaj\u0105 wielorakim metamorfozom. Temat przemiany od czas\u00f3w staro\u017cytnych fascynowa\u0142 i przyci\u0105ga\u0142 artyst\u00f3w. Mo\u017cna go spotka\u0107 w dzie\u0142ach renesansu i baroku. Nie stroni\u0105 od niego r\u00f3wnie\u017c wsp\u00f3\u0142cze\u015bni arty\u015bci, jak&#8230;<\/p>\n","protected":false},"author":5,"featured_media":4336,"comment_status":"open","ping_status":"open","sticky":false,"template":"","format":"standard","meta":{"footnotes":""},"categories":[1189,13],"tags":[3004,2948,1106],"_links":{"self":[{"href":"https:\/\/www.touchofart.eu\/blog\/wp-json\/wp\/v2\/posts\/4335"}],"collection":[{"href":"https:\/\/www.touchofart.eu\/blog\/wp-json\/wp\/v2\/posts"}],"about":[{"href":"https:\/\/www.touchofart.eu\/blog\/wp-json\/wp\/v2\/types\/post"}],"author":[{"embeddable":true,"href":"https:\/\/www.touchofart.eu\/blog\/wp-json\/wp\/v2\/users\/5"}],"replies":[{"embeddable":true,"href":"https:\/\/www.touchofart.eu\/blog\/wp-json\/wp\/v2\/comments?post=4335"}],"version-history":[{"count":1,"href":"https:\/\/www.touchofart.eu\/blog\/wp-json\/wp\/v2\/posts\/4335\/revisions"}],"predecessor-version":[{"id":4337,"href":"https:\/\/www.touchofart.eu\/blog\/wp-json\/wp\/v2\/posts\/4335\/revisions\/4337"}],"wp:featuredmedia":[{"embeddable":true,"href":"https:\/\/www.touchofart.eu\/blog\/wp-json\/wp\/v2\/media\/4336"}],"wp:attachment":[{"href":"https:\/\/www.touchofart.eu\/blog\/wp-json\/wp\/v2\/media?parent=4335"}],"wp:term":[{"taxonomy":"category","embeddable":true,"href":"https:\/\/www.touchofart.eu\/blog\/wp-json\/wp\/v2\/categories?post=4335"},{"taxonomy":"post_tag","embeddable":true,"href":"https:\/\/www.touchofart.eu\/blog\/wp-json\/wp\/v2\/tags?post=4335"}],"curies":[{"name":"wp","href":"https:\/\/api.w.org\/{rel}","templated":true}]}}