{"id":4198,"date":"2021-02-15T14:49:05","date_gmt":"2021-02-15T12:49:05","guid":{"rendered":"https:\/\/www.touchofart.eu\/blog\/?p=4198"},"modified":"2021-02-15T14:49:06","modified_gmt":"2021-02-15T12:49:06","slug":"tworczy-indywidualizm-joana-miro","status":"publish","type":"post","link":"https:\/\/www.touchofart.eu\/blog\/tworczy-indywidualizm-joana-miro\/","title":{"rendered":"Tw\u00f3rczy indywidualizm Joana Mir\u00f3"},"content":{"rendered":"\n<figure class=\"wp-block-image size-large\"><a href=\"https:\/\/www.touchofart.eu\/blog\/wp-content\/uploads\/2021\/02\/Joan-Miro_The_Land_of_Great_Fire.jpg\"><img loading=\"lazy\" decoding=\"async\" width=\"396\" height=\"282\" src=\"https:\/\/www.touchofart.eu\/blog\/wp-content\/uploads\/2021\/02\/Joan-Miro_The_Land_of_Great_Fire.jpg\" alt=\"\" class=\"wp-image-4199\" srcset=\"https:\/\/www.touchofart.eu\/blog\/wp-content\/uploads\/2021\/02\/Joan-Miro_The_Land_of_Great_Fire.jpg 396w, https:\/\/www.touchofart.eu\/blog\/wp-content\/uploads\/2021\/02\/Joan-Miro_The_Land_of_Great_Fire-300x214.jpg 300w\" sizes=\"(max-width: 396px) 100vw, 396px\" \/><\/a><figcaption>Joan Mir\u00f3, <em>The land of great fire<\/em><\/figcaption><\/figure>\n\n\n\n<p><strong>Joan Mir\u00f3 bywa najcz\u0119\u015bciej kojarzony przez szerok\u0105 publiczno\u015b\u0107 jako tw\u00f3rca wielobarwnych abstrakcji. Stanowi\u0105 one jego niew\u0105tpliwy znak rozpoznawczy.<\/strong><\/p>\n\n\n\n<p>Opr\u00f3cz nich artysta wykonywa\u0142 jednak wiele innych dzie\u0142. Zajmowa\u0142 si\u0119 cho\u0107by ceramik\u0105, rze\u017ab\u0105 oraz tworzy\u0142 unikatowe tekstylia.<\/p>\n\n\n\n<h2 class=\"wp-block-heading\">Joan Mir\u00f3 \u2013 tw\u00f3rca swoich czas\u00f3w i jednostka wybitna<\/h2>\n\n\n\n<p>Joana Mir\u00f3 cz\u0119sto klasyfikuje si\u0119 jako jednego z wybitnych przedstawicieli surrealizmu. Jego kompozycje sporo maj\u0105 bowiem wsp\u00f3lnego z przedstawianiem rzeczywisto\u015bci nadrealnych oraz d\u0105\u017ceniem do automatyzacji zapisu w sztuce.<\/p>\n\n\n\n<p>Warto jednak zwr\u00f3ci\u0107 uwag\u0119 na fakt, i\u017c tak naprawd\u0119 Mir\u00f3 wyrasta daleko poza granice jednej tendencji lub ugrupowania. Jego wielobarwne kompozycje malarskie i graficzne wykazuj\u0105 sporo zbie\u017cno\u015bci ze sztuk\u0105 kubistyczn\u0105 i abstrakcj\u0105. A niekt\u00f3re jego rze\u017aby, na przyk\u0142ad <em>Personage <\/em>(Posta\u0107 z parasolk\u0105) z 1931 roku przywodz\u0105 na my\u015bl mocno konceptualne dzie\u0142a Marcela Duchampa.<\/p>\n\n\n\n<p>Artysta obserwowa\u0142 i nieustannie szuka\u0142 swojej \u015bcie\u017cki, aby w ko\u0144cu wypracowa\u0107 w\u0142asny, indywidualny styl.<\/p>\n\n\n\n<h2 class=\"wp-block-heading\">Droga rozwoju \u2013 w\u0142asne poszukiwania i punkty odniesienia<\/h2>\n\n\n\n<p>W sztuce trudno stawia\u0107 jasne granice. Obecnie stosowana przez lata klasyfikacja stylistyczna powoli przestaje by\u0107 wystarczaj\u0105cym narz\u0119dziem do m\u00f3wienia o tw\u00f3rcach i ich dorobku. \u015awietnym tego przyk\u0142adem jest w\u0142a\u015bnie Joan Mir\u00f3.<\/p>\n\n\n\n<p>Na pocz\u0105tku swojej artystycznej \u015bcie\u017cki artysta ch\u0119tnie nawi\u0105zywa\u0142 do ekspresjonizmu, z wolna coraz mocniej ograniczaj\u0105c form\u0119, kt\u00f3r\u0105 w efekcie sprowadzi\u0142 do raptem kilku, prostych znak\u00f3w i podstawowych kolor\u00f3w.<\/p>\n\n\n\n<p>Tak powsta\u0142y niemal\u017ce abstrakcyjne kompozycje o surrealistycznym wyd\u017awi\u0119ku, nawi\u0105zuj\u0105ce do \u015bwiata rzeczywistego, ale przekszta\u0142caj\u0105ce go w zupe\u0142nie nienaturalny spos\u00f3b. Mir\u00f3 wykorzystywa\u0142 symbole i alegorie oraz si\u0119ga\u0142 po rozmaite techniki artystyczne, kt\u00f3re pozwala\u0142y mu osi\u0105ga\u0107 mocno zr\u00f3\u017cnicowane efekty.<\/p>\n\n\n\n<h2 class=\"wp-block-heading\">Wp\u0142yw na kolejne pokolenia<\/h2>\n\n\n\n<p>Mir\u00f3 by\u0142 mocno zwi\u0105zany przez lata z francusk\u0105 bohem\u0105. W latach 40. XX wieku, zmuszony do emigracji ze Starego Kontynetu, osiad\u0142 w Nowym Jorku. Tam jego indywidualna i uniwersalna zarazem tw\u00f3rczo\u015b\u0107 trafi\u0142a na podatny grunt.<\/p>\n\n\n\n<p>Joan Mir\u00f3 sta\u0142 si\u0119 artyst\u0105 wielowymiarowym, korzystaj\u0105cym z r\u00f3\u017cnych technik i \u015brodk\u00f3w wyrazu. Jego prace wyr\u00f3\u017cnia\u0142 jednak indywidualny, rozpoznawalny styl. To w\u0142a\u015bnie automatyzacja, ekspresja wyrazu oraz balansowanie na granicy realno\u015bci i snu zainspirowa\u0142y kolejne pokolenia wybitnych tw\u00f3rc\u00f3w, w tym mi\u0119dzy innymi Arshile\u2019a Gorky\u2019ego, uznawanego za pioniera ameryka\u0144skiego ekspresjonizmu abstrakcyjnego, kt\u00f3ry odmieni\u0142 oblicze \u015bwiatowej sztuki drugiej po\u0142owy XX wieku.<\/p>\n","protected":false},"excerpt":{"rendered":"<p>Joan Mir\u00f3 bywa najcz\u0119\u015bciej kojarzony przez szerok\u0105 publiczno\u015b\u0107 jako tw\u00f3rca wielobarwnych abstrakcji. Stanowi\u0105 one jego niew\u0105tpliwy znak rozpoznawczy. Opr\u00f3cz nich artysta wykonywa\u0142 jednak wiele innych dzie\u0142. Zajmowa\u0142 si\u0119 cho\u0107by ceramik\u0105, rze\u017ab\u0105 oraz tworzy\u0142 unikatowe tekstylia. Joan Mir\u00f3 \u2013 tw\u00f3rca swoich czas\u00f3w i jednostka wybitna Joana Mir\u00f3 cz\u0119sto klasyfikuje si\u0119 jako jednego z wybitnych przedstawicieli surrealizmu&#8230;.<\/p>\n","protected":false},"author":5,"featured_media":4199,"comment_status":"open","ping_status":"open","sticky":false,"template":"","format":"standard","meta":{"footnotes":""},"categories":[1189,8],"tags":[392,70,462],"_links":{"self":[{"href":"https:\/\/www.touchofart.eu\/blog\/wp-json\/wp\/v2\/posts\/4198"}],"collection":[{"href":"https:\/\/www.touchofart.eu\/blog\/wp-json\/wp\/v2\/posts"}],"about":[{"href":"https:\/\/www.touchofart.eu\/blog\/wp-json\/wp\/v2\/types\/post"}],"author":[{"embeddable":true,"href":"https:\/\/www.touchofart.eu\/blog\/wp-json\/wp\/v2\/users\/5"}],"replies":[{"embeddable":true,"href":"https:\/\/www.touchofart.eu\/blog\/wp-json\/wp\/v2\/comments?post=4198"}],"version-history":[{"count":1,"href":"https:\/\/www.touchofart.eu\/blog\/wp-json\/wp\/v2\/posts\/4198\/revisions"}],"predecessor-version":[{"id":4200,"href":"https:\/\/www.touchofart.eu\/blog\/wp-json\/wp\/v2\/posts\/4198\/revisions\/4200"}],"wp:featuredmedia":[{"embeddable":true,"href":"https:\/\/www.touchofart.eu\/blog\/wp-json\/wp\/v2\/media\/4199"}],"wp:attachment":[{"href":"https:\/\/www.touchofart.eu\/blog\/wp-json\/wp\/v2\/media?parent=4198"}],"wp:term":[{"taxonomy":"category","embeddable":true,"href":"https:\/\/www.touchofart.eu\/blog\/wp-json\/wp\/v2\/categories?post=4198"},{"taxonomy":"post_tag","embeddable":true,"href":"https:\/\/www.touchofart.eu\/blog\/wp-json\/wp\/v2\/tags?post=4198"}],"curies":[{"name":"wp","href":"https:\/\/api.w.org\/{rel}","templated":true}]}}