{"id":4194,"date":"2021-02-15T12:26:16","date_gmt":"2021-02-15T10:26:16","guid":{"rendered":"https:\/\/www.touchofart.eu\/blog\/?p=4194"},"modified":"2021-02-15T12:26:17","modified_gmt":"2021-02-15T10:26:17","slug":"joanna-katarzyna-adamiak-jasnikowska-romantyczna-surrealistka","status":"publish","type":"post","link":"https:\/\/www.touchofart.eu\/blog\/joanna-katarzyna-adamiak-jasnikowska-romantyczna-surrealistka\/","title":{"rendered":"Joanna Katarzyna Adamiak &#8211; Ja\u015bnikowska. Romantyczna surrealistka"},"content":{"rendered":"\n<p><\/p>\n\n\n\n<figure class=\"wp-block-image size-large\"><a href=\"https:\/\/www.touchofart.eu\/blog\/wp-content\/uploads\/2021\/02\/Sen_kja59.jpg\"><img loading=\"lazy\" decoding=\"async\" width=\"640\" height=\"519\" src=\"https:\/\/www.touchofart.eu\/blog\/wp-content\/uploads\/2021\/02\/Sen_kja59.jpg\" alt=\"\" class=\"wp-image-4195\" srcset=\"https:\/\/www.touchofart.eu\/blog\/wp-content\/uploads\/2021\/02\/Sen_kja59.jpg 640w, https:\/\/www.touchofart.eu\/blog\/wp-content\/uploads\/2021\/02\/Sen_kja59-300x243.jpg 300w\" sizes=\"(max-width: 640px) 100vw, 640px\" \/><\/a><figcaption><br><br>Joanna Katarzyna Adamiak &#8211; Ja\u015bnikowska, &#8222;Sen&#8221;, olej na p\u0142\u00f3tnie, 90x 110 cm, galeria Touch of Art<\/figcaption><\/figure>\n\n\n\n<p><\/p>\n\n\n\n<p><\/p>\n\n\n\n<p>Podziwiaj\u0105c jej obrazy nie spos\u00f3b nie zgodzi\u0107 si\u0119 z twierdzeniem, \u017ce malarstwo stanowi dla niej sens \u017cycia, najwi\u0119ksz\u0105 pasj\u0119. Joanna Katarzyna Adamiak &#8211; Ja\u015bnikowska, tw\u00f3rczyni surrealistycznych obraz\u00f3w, zaznacza: \u201eJako tw\u00f3rc\u0119 interesuj\u0119 mnie uchwycenie nastroju i wewn\u0119trznego rytmu w obrazie, przywi\u0105zuj\u0119 przy tym du\u017c\u0105 wag\u0119 do koloru. W swoich pracach cz\u0119sto si\u0119gam do motyw\u00f3w zaczerpni\u0119tych z rzeczywisto\u015bci, b\u0105d\u017a tylko pozornie do niej nawi\u0105zuj\u0105cych, aby na p\u0142\u00f3tnie nada\u0107 im nowy wymiar. Od pewnego czasu bardzo wa\u017cn\u0105 rol\u0119 w moim malarstwie odgrywa cz\u0142owiek. <\/p>\n\n\n\n<p>Czasami tworz\u0119 iluzoryczne wn\u0119trze w kt\u00f3rym \u015bwiat\u0142o kszta\u0142tuje przestrze\u0144 i buduje nastr\u00f3j. Innym razem jest to krajobraz w kt\u00f3rym osadzam hiperrealne obiekty. Nie przestaje ch\u0142on\u0105\u0107 i rejestrowa\u0107 nowych bod\u017ac\u00f3w, kt\u00f3re doprowadz\u0105 mnie, mam nadziej\u0119, do namalowania obrazu innego ni\u017c wszystkie poprzednie. Do spojrzenia na \u015bwiat ze \u015bwie\u017co\u015bci\u0105 dziecka, z now\u0105 percepcj\u0105, tak jakbym go widzia\u0142a po raz pierwszy\u201d.<\/p>\n\n\n\n<p>Artystka urodzi\u0142a si\u0119 w 1985 roku w Legnicy. Tym co najbardziej poch\u0142ania j\u0105 w dzieci\u0144stwie jest malarstwo i rysunek. Kilkana\u015bcie lat p\u00f3\u017aniej Ja\u015bnikowska \u015bwi\u0119tuje pierwszy sukces &#8211; otwarcie wystawy w Miejskim Centrum Kultury w Legnicy. Poznaje blaski i cienie zawodu, uczy si\u0119 cierpliwo\u015bci. Studia z zakresu malarstwa, grafiki i rysunku we wroc\u0142awskiej Akademii Sztuk Pi\u0119knych s\u0105 spe\u0142nieniem najskrytszych marze\u0144, tym bardziej, \u017ce uczy si\u0119 od samych mistrz\u00f3w, m.in. pod okiem profesora Janusza Merkela, u kt\u00f3rego broni p\u00f3\u017aniej dyplom licencjacki. Podziwia polskich surrealist\u00f3w, jednak w przeciwie\u0144stwie do nich ceni portrety. <\/p>\n\n\n\n<p>Ja\u015bnikowska wie, \u017ce tylko w ten spos\u00f3b mo\u017ce pokaza\u0107 modela, na tym szczeg\u00f3lnie jej zale\u017cy. Szybko tworzy w\u0142asny, niepowtarzalny styl. <\/p>\n\n\n\n<p>\u201e (\u2026) Wiele czasu po\u015bwi\u0119cam na wydobycie z twarzy portretowanego cz\u0142owieka jego charakteru. Cierpliwie nak\u0142adam kolejne warstwy \u015bwiat\u0142a, buduj\u0119 portret, kt\u00f3ry subtelnie stara si\u0119 pokaza\u0107 to, czego nie wida\u0107 tak \u00abna pierwszy rzut oka\u00bb w danej osobie. Takie przynajmniej w swojej pracy mam intencje, ale czy jest to dostrzegalne dla odbiorcy? <\/p>\n\n\n\n<p>(\u2026) Tworz\u0119 je z ze szczeg\u00f3ln\u0105 wra\u017cliwo\u015bci\u0105 ukierunkowan\u0105 na to, by uchwyci\u0107 w portretowanej osobie co\u015b wi\u0119cej poza jej cielesno\u015bci\u0105. Staram si\u0119, nie tylko odda\u0107 fizyczne podobie\u0144stwo modela, ale bardzo wa\u017cny jest te\u017c dla mnie ten duchowy pierwiastek &#8211; poniewa\u017c cz\u0142owiek, pr\u00f3cz cia\u0142a posiada i dusz\u0119. Niezale\u017cnie od tego zgodnie, z jakim pogl\u0105dami mo\u017cemy definiowa\u0107 to poj\u0119cie, ja mam nadziej\u0119, \u017ce w moich portretach widz dostrze\u017ce r\u00f3wnie\u017c ich duchow\u0105 stron\u0119. Mo\u017ce to brzmie\u0107 banalnie, ale maluj\u0105c portrety, szukam tego samego, co w swoim \u017cyciu, w codziennym spotkaniu z drugim cz\u0142owiekiem. Szukam dobra i pi\u0119kna duchowego, kt\u00f3re ka\u017cdy z nas w sobie nosi\u201d &#8211; wyznaje.<\/p>\n\n\n\n<p>Inne inspiracje? Malarstwo w\u0142oskiego renesansu. Ja\u015bnikowska ch\u0119tnie si\u0119ga po metafory, jej p\u0142\u00f3tna pe\u0142ne s\u0105 dwuznaczno\u015bci, tajemniczo\u015bci. W przeciwie\u0144stwie do surrealistycznych obraz\u00f3w autoportrety Ja\u015bnikowskiej pe\u0142ne s\u0105 ponadczasowego wdzi\u0119ku, kobieco\u015bci. Obok modela artystka ch\u0119tnie korzysta ze \u015bwiat\u0142a, dzi\u0119ki czemu ka\u017cda praca, w tym liczne portrety tworz\u0105 wyj\u0105tkowy nastr\u00f3j. <\/p>\n\n\n\n<p>Wed\u0142ug malarki portrety i autoportrety s\u0105 doskona\u0142\u0105 okazj\u0105 do oddania niematerialnej, duchowej sfery \u017cycia, zastanowienia si\u0119 nad przemijaniem i \u015bmierci\u0105. Ka\u017cda kompozycja Ja\u015bnikowskiej to po\u0142\u0105czenie realizmu z magi\u0105 surrealizmu. R\u00f3wnie wa\u017cne s\u0105 dla malarki emocje jakie wywo\u0142uje w widzach, stara si\u0119 przekaza\u0107 uniwersaln\u0105 prawd\u0119 o krucho\u015bci ludzkiego \u017cycia.<\/p>\n\n\n\n<p>Opr\u00f3cz portretu Ja\u015bnikowska tworzy spokojne, niemal pozbawione \u017cycia dzie\u0142a. Delikatne, niezwykle kobiece obrazy staj\u0105 si\u0119 znakiem rozpoznawczym malarki. Dlatego ju\u017c w 2011 roku zostaje zaproszona do Lw\u00f3wka \u015al\u0105skiego. Wystawa \u201eW mojej pami\u0119ci zapisa\u0142o si\u0119\u201d w Ratuszu Miejskim przyci\u0105ga t\u0142umy zwiedzaj\u0105cych. Ka\u017cdy chce zobaczy\u0107 dzie\u0142a nietypowej surrealistki, dla kt\u00f3rej nurt ten stal si\u0119 jedynie punktem wyj\u015bcia. Potem s\u0105 kolejne, r\u00f3wnie\u017c zbiorowe ekspozycje, na kt\u00f3rych malarka ma rzadk\u0105 okazj\u0119 spotka\u0107 swoich koleg\u00f3w po fachu. <\/p>\n\n\n\n<p>W 2013 roku Ja\u015bnikowska, laureatka wielu polskich i zagranicznych konkurs\u00f3w, jedzie na krakowskie Targi Sztuki. To kolejna dobra decyzja, dzi\u0119ki kt\u00f3rej spotyka Tomasza S\u0119towskiego, Cecyli\u0119 Malik i fotografa Mateusza Torbusa. W tym samym roku Ja\u015bnikowska bierze udzia\u0142 w wystawie zbiorowej \u201eLustra&#8221;, na kt\u00f3rej pokazuje swoje autoportrety, intymne, nastrojowe portrety i krajobrazy. Nawi\u0105zuje te\u017c wsp\u00f3\u0142prac\u0119 z Fundacj\u0105 Bli\u017aniemu Swemu, kt\u00f3ra organizuje artystce trzy ekspozycje, m.in. w Muzeum Miejskim we Wroc\u0142awiu i warszawskiej Zach\u0119cie. To wa\u017cne przedsi\u0119wzi\u0119cie, tym bardziej, \u017ce artystka staje si\u0119 rozpoznawalna. <\/p>\n\n\n\n<p>W 2020 roku bierze udzia\u0142 w projekcie \u201ePercepcja ko\u0142a\u201d, w kt\u00f3rym pojawiaj\u0105 si\u0119 prace np. Karola B\u0105ka, Iwo Birkenmajera, malarza, plakacisty i poety zwi\u0105zanego z Krakowem Zofia B\u0142a\u017cko, Mai Borowicz, Tomasza \u201eAlena\u201d Kopery, Jaros\u0142awa Ja\u015bnikowskiego czy Marcina Ko\u0142panowicza. Niezale\u017cnie od rozpoznawalno\u015bci tw\u00f3rcy przygotowali dzie\u0142a w formie tond. Charakterystyczne dla renesansowej sztuki dzie\u0142a w kszta\u0142cie tond zyska\u0142y popularno\u015b\u0107 w nowoczesnej ods\u0142onie, sama wystawa prezentowana w Gda\u0144sku, Szczecinku, Czeladzi, Ko\u0142obrzegu i Koszalinie okaza\u0142a si\u0119 jedn\u0105 z najcz\u0119\u015bciej ogl\u0105danych.<\/p>\n\n\n\n<p>Joanna Katarzyna Adamiak &#8211; Ja\u015bnikowska jest uznan\u0105 malark\u0105, kt\u00f3ra \u0142\u0105czy ze sob\u0105 pasj\u0119 do realizmu, renesansu i surrealizmu w zjawiskowe, pe\u0142ne subtelno\u015bci dzie\u0142a. Ka\u017cdy autoportret, pejza\u017c i portret artystki wyr\u00f3\u017cnia kobieco\u015b\u0107, mi\u0119kki modelunek postaci i pastelowe, nieco zamglone barwy. Przez wielbicieli swojej tw\u00f3rczo\u015bci Ja\u015bnikowska bywa okre\u015blana jako surrealistka o romantycznej duszy. Chyba nie ma trafniejszego okre\u015blenia kompozycji tej jedynej w swoim rodzaju malarki, kt\u00f3rej ka\u017cde dzie\u0142o stanowi kwintesencj\u0119 dobrego smaku.<\/p>\n","protected":false},"excerpt":{"rendered":"<p>Podziwiaj\u0105c jej obrazy nie spos\u00f3b nie zgodzi\u0107 si\u0119 z twierdzeniem, \u017ce malarstwo stanowi dla niej sens \u017cycia, najwi\u0119ksz\u0105 pasj\u0119. Joanna Katarzyna Adamiak &#8211; Ja\u015bnikowska, tw\u00f3rczyni surrealistycznych obraz\u00f3w, zaznacza: \u201eJako tw\u00f3rc\u0119 interesuj\u0119 mnie uchwycenie nastroju i wewn\u0119trznego rytmu w obrazie, przywi\u0105zuj\u0119 przy tym du\u017c\u0105 wag\u0119 do koloru. W swoich pracach cz\u0119sto si\u0119gam do motyw\u00f3w zaczerpni\u0119tych z&#8230;<\/p>\n","protected":false},"author":6,"featured_media":4195,"comment_status":"open","ping_status":"open","sticky":false,"template":"","format":"standard","meta":{"footnotes":""},"categories":[8],"tags":[3214,3217,3232,3221,3246,906,2759,3239,3213,3248,3223,3234,3250,3220,3222,3238,3233,3212,3215,2239,3216,3247,3257,3256,3224,3249,3244,2303,3241,3227,3259,3219,3254,3253,3251,3228,3242,3255,3023,1718,3225,3218,3226,3237,3235,3236,3083,3243,1106,248,2944,3252,3245,3230,3240],"_links":{"self":[{"href":"https:\/\/www.touchofart.eu\/blog\/wp-json\/wp\/v2\/posts\/4194"}],"collection":[{"href":"https:\/\/www.touchofart.eu\/blog\/wp-json\/wp\/v2\/posts"}],"about":[{"href":"https:\/\/www.touchofart.eu\/blog\/wp-json\/wp\/v2\/types\/post"}],"author":[{"embeddable":true,"href":"https:\/\/www.touchofart.eu\/blog\/wp-json\/wp\/v2\/users\/6"}],"replies":[{"embeddable":true,"href":"https:\/\/www.touchofart.eu\/blog\/wp-json\/wp\/v2\/comments?post=4194"}],"version-history":[{"count":1,"href":"https:\/\/www.touchofart.eu\/blog\/wp-json\/wp\/v2\/posts\/4194\/revisions"}],"predecessor-version":[{"id":4196,"href":"https:\/\/www.touchofart.eu\/blog\/wp-json\/wp\/v2\/posts\/4194\/revisions\/4196"}],"wp:featuredmedia":[{"embeddable":true,"href":"https:\/\/www.touchofart.eu\/blog\/wp-json\/wp\/v2\/media\/4195"}],"wp:attachment":[{"href":"https:\/\/www.touchofart.eu\/blog\/wp-json\/wp\/v2\/media?parent=4194"}],"wp:term":[{"taxonomy":"category","embeddable":true,"href":"https:\/\/www.touchofart.eu\/blog\/wp-json\/wp\/v2\/categories?post=4194"},{"taxonomy":"post_tag","embeddable":true,"href":"https:\/\/www.touchofart.eu\/blog\/wp-json\/wp\/v2\/tags?post=4194"}],"curies":[{"name":"wp","href":"https:\/\/api.w.org\/{rel}","templated":true}]}}