{"id":4179,"date":"2021-01-27T15:00:30","date_gmt":"2021-01-27T13:00:30","guid":{"rendered":"https:\/\/www.touchofart.eu\/blog\/?p=4179"},"modified":"2021-01-27T15:00:31","modified_gmt":"2021-01-27T13:00:31","slug":"polski-rynek-sztuki-w-2020-roku-podsumowanie-cz-iii","status":"publish","type":"post","link":"https:\/\/www.touchofart.eu\/blog\/polski-rynek-sztuki-w-2020-roku-podsumowanie-cz-iii\/","title":{"rendered":"Polski rynek sztuki w 2020 roku, podsumowanie cz. III"},"content":{"rendered":"\n<p><\/p>\n\n\n\n<figure class=\"wp-block-image size-large\"><a href=\"https:\/\/www.touchofart.eu\/blog\/wp-content\/uploads\/2021\/01\/full_Trzeci_wymiar_czasu.jpg\"><img loading=\"lazy\" decoding=\"async\" width=\"784\" height=\"1024\" src=\"https:\/\/www.touchofart.eu\/blog\/wp-content\/uploads\/2021\/01\/full_Trzeci_wymiar_czasu-784x1024.jpg\" alt=\"\" class=\"wp-image-4180\" srcset=\"https:\/\/www.touchofart.eu\/blog\/wp-content\/uploads\/2021\/01\/full_Trzeci_wymiar_czasu-784x1024.jpg 784w, https:\/\/www.touchofart.eu\/blog\/wp-content\/uploads\/2021\/01\/full_Trzeci_wymiar_czasu-230x300.jpg 230w, https:\/\/www.touchofart.eu\/blog\/wp-content\/uploads\/2021\/01\/full_Trzeci_wymiar_czasu-768x1003.jpg 768w, https:\/\/www.touchofart.eu\/blog\/wp-content\/uploads\/2021\/01\/full_Trzeci_wymiar_czasu.jpg 980w\" sizes=\"(max-width: 784px) 100vw, 784px\" \/><\/a><figcaption><br><br><br>Rafa\u0142 Olbi\u0144ski, &#8222;Trzeci wymiar czasu 2018, 130&#215;100 cm, akryl na p\u0142\u00f3tnie (\u017ar\u00f3d\u0142o: Sopocki Dom Aukcyjny)<\/figcaption><\/figure>\n\n\n\n<p><\/p>\n\n\n\n<p><\/p>\n\n\n\n<p><\/p>\n\n\n\n<p>Aukcje sztuki dawnej i wsp\u00f3\u0142czesnej to nie jedyne jakimi w ubieg\u0142ym roku interesowali si\u0119 kolekcjonerzy. Du\u017cym zainteresowaniem cieszy\u0142y si\u0119 dzie\u0142a polskich surrealist\u00f3w i realist\u00f3w magicznych. Zdzis\u0142aw Beksi\u0144ski, Rafa\u0142 Olbi\u0144ski, Tomasz \u201eS\u0119ti\u201d S\u0119towski, Kazimierz Mikulski, Maksymilian Novak &#8211; Zempli\u0144ski, Wojtek Siudmak, Tomasz Alen Kopera i Jerzy Duda \u2013 Gracz to arty\u015bci, kt\u00f3rych prace w 2020 roku osi\u0105gn\u0119\u0142y wyj\u0105tkowo wysokie ceny. Najwi\u0119cej dzie\u0142 sprzeda\u0142y Desa Unicum i Sopocki Dom Aukcyjny.<\/p>\n\n\n\n<p>Za stworzone przez Beksi\u0144skiego w 1997 roku p\u0142\u00f3tno \u201eB\u017b\u201d na aukcji \u201eSurrealizm i realizm magiczny\u201d w Desie Unicum nale\u017ca\u0142o zap\u0142aci\u0107 110.000 z\u0142otych. Chocia\u017c surrealistyczne obrazy Beksi\u0144skiego od lat ciesz\u0105 si\u0119 du\u017c\u0105 popularno\u015bci\u0105, wiele z nich nie znajduje nowych nabywc\u00f3w. Tylko w latach 1991 &#8211; 2013 sprzedano nie wi\u0119cej ni\u017c 10 prac Beksi\u0144skiego, a ich \u0142\u0105czna warto\u015b\u0107 wynios\u0142a 3.386.000 z\u0142otych. Wci\u0105\u017c jednak du\u017co mi\u0142o\u015bnik\u00f3w Beksi\u0144skiego jest gotowych ui\u015bci\u0107 za dzie\u0142o mistrza polskiego surrealizmu \u015brednio 50 &#8211; 60 tysi\u0119cy z\u0142otych.<\/p>\n\n\n\n<p>Rafa\u0142 Olbi\u0144ski, autor s\u0142ynnych plakat\u00f3w i ilustracji m.in. do niemieckiego \u201eDer Spigel\u201d to kolejny tw\u00f3rca, kt\u00f3rego obrazy w Polsce s\u0105 coraz ch\u0119tniej kupowane. Tylko za \u201eLady Godiva&#8217;s younger sister\u201d wystawion\u0105 w Sopockim Domu Aukcyjnym nale\u017ca\u0142o ui\u015bci\u0107 24.000 z\u0142otych. Inne dzie\u0142o artysty, \u201eLa Traviata\u201d, prezentowane w Desie Unicum wylicytowano za 100.000 z\u0142otych, a \u201eChantecler\u201d, jeden z najpi\u0119kniejszych obraz\u00f3w Olbi\u0144skiego trafi\u0142o pod m\u0142otek za 70.000 z\u0142otych. Jednak najwy\u017csze ceny osi\u0105gn\u0119\u0142y \u201eTrzeci wymiar czasu\u201d i \u201ePowierzchowna analogia\u201d, za kt\u00f3re anonimowy kolekcjoner zap\u0142aci\u0142 odpowiednio 110.000 oraz 123.000 z\u0142otych.<\/p>\n\n\n\n<p>Kolejne rekordy nale\u017ca\u0142y do Sopockiego Domu Aukcyjnego. \u201eStellam Careuleam\u201d Maksymiliana Novaka \u2013 Zempli\u0144skiego sprzedano za 64.000 z\u0142otych, a za dzie\u0142o z cyklu \u201eSpatium\u201d nowy nabywca zap\u0142aci\u0142 \u201ejedynie\u201d 40.000 z\u0142otych. Desa Unicum zaprezentowa\u0142a te\u017c \u201eTransistus\u201d, kt\u00f3r\u0105 mi\u0142o\u015bnik realizmu magicznego naby\u0142 za 42.000 z\u0142otych.<\/p>\n\n\n\n<p>\u201eLunapolis\u201d, jedna z kompozycji Tomasza \u201eS\u0119ti\u201d S\u0119towskiego wykonane przez malarza w 2015 roku Desa Unicum wyceni\u0142a na 65.000 z\u0142otych. Za niewiele mniej, bo 55.000 z\u0142otych wylicytowano \u201e Kompozycj\u0119\u201d. Nowy nabywca \u201eFeniksa\u201d, kolejnej pracy artysty zap\u0142aci\u0142 za ni\u0105 32.000 z\u0142otych. R\u00f3wnie\u017c na \u201eAukcji sztuki fantastycznej\u201d w Sopockim Domu Akcyjnym sprzedano trzy dzie\u0142a artysty. Obraz \u201eOne human minute\u201d sprzedano za 50.000 z\u0142otych, za rze\u017aby \u201eKr\u00f3l\u201d i \u201eKobieta z lustrem\u201d nawi\u0105zuj\u0105ce do sztuki sumeryjskiej zap\u0142acono odpowiednio 12.000 i 8500 z\u0142otych.<\/p>\n\n\n\n<p>R\u00f3wnie\u017c Jaros\u0142aw Ja\u015bnikowski, ceniony malarz tworz\u0105cy w nurcie realizmu magicznego ma powody do zadowolenia. W czerwcu 2020 roku \u201eLot nad skalnym miastem\u201d poszed\u0142 pod m\u0142otek za 110.000 z\u0142otych. Takie same ceny osi\u0105gni\u0119to za \u201eE2\u201d Rafa\u0142a Masiula\u0144ca i \u201eWilgotny dzie\u0144\u201d Kazimierza Mikulskiego, obraz sprzedany w grudniu ubieg\u0142ego roku w Desie Unicum. Podobn\u0105 cen\u0119 osi\u0105gn\u0119\u0142y \u201eNocne k\u0105piele\u201d wykonane w 1961 roku, a \u201eNocne czuwanie, nied\u0142ugo \u015bwit\u201d sprzedano w Desie Unicum za 85.000 z\u0142otych.<\/p>\n\n\n\n<p>Jerzy Duda &#8211; Gracz, artysta pokazuj\u0105cy ludzkie s\u0142abo\u015bci od lat cieszy si\u0119 na polskim rynku aukcyjnym coraz wi\u0119kszym zainteresowaniem. Tylko w latach 1991 &#8211; 2013 \u0142\u0105czna warto\u015b\u0107 p\u0142\u00f3cien Dudy &#8211; Gracza przekroczy\u0142a 3.000.000 z\u0142otych. W 1997 roku \u201ePanna kwiecista\u201d osi\u0105gn\u0119\u0142a zawrotn\u0105 kwot\u0119 72.000 z\u0142otych. Nieco ni\u017csz\u0105 sum\u0119, bo 32.000 z\u0142otych musia\u0142 w 2016 roku ui\u015bci\u0107 nowy nabywca \u201eMotywu polskiego z kie\u0142bas\u0105 &#8211; 2\u201d. W ubieg\u0142ym roku najwy\u017csze sumy zap\u0142acono za \u201eOrdynacj\u0119 zamojsk\u0105\u201d (55.000 z\u0142otych) i wykonan\u0105 w 1986 roku \u201eRekonstrukcj\u0119\u201d (50.000 z\u0142otych). Obydwie prace sprzedano w Desie Unicum. <\/p>\n\n\n\n<p>Na aukcji \u201eSurrealizm i realizmu magiczny\u201d pojawi\u0142o si\u0119 te\u017c kilka dzie\u0142 Anny G\u00fcntner. Artystka, kt\u00f3rej dzie\u0142a opisywane s\u0105 jako \u201ezawieszone mi\u0119dzy sennym marzeniem o innych \u015bwiatach &#8211; a lekko perwersyjn\u0105 erotyk\u0105\u201d stworzy\u0142a w po\u0142owie lat 60. \u201eTajny obiekt\u201d. Dzie\u0142o pokazane w Desie Unicum wylicytowano za 50.000 z\u0142otych.<\/p>\n\n\n\n<p>Nowi nabywcy \u201eOgrodu Oligoce\u0144skiego\u201d i \u201eSztorm\u00f3w bia\u0142obrzeskich\u201d, kompozycji o bajkowym charakterze, zap\u0142acili za nie odpowiednio 80.000 i 78.000 z\u0142otych. To pierwszy raz gdy obrazy Jacka Yerki, cenionego polskiego malarza, ilustratora, plakacisty i grafika osi\u0105gn\u0119\u0142y tak wysokie ceny. R\u00f3wnie wysokie ceny osi\u0105gn\u0119\u0142y dwie prace Wojciecha Siudmaka. Malarz okre\u015blany jako nast\u0119pca Beksi\u0144skiego sprzeda\u0142 surrealistyczn\u0105 kompozycj\u0119 \u201ePoza czasem\u201d za 22.000 z\u0142otych. Na ubieg\u0142orocznej aukcji Desy Unicum pojawi\u0142a si\u0119 te\u017c \u201eVision\u201d, ostatecznie wylicytowana za 8000 z\u0142otych.<\/p>\n\n\n\n<p>Du\u017cym uznaniem cisz\u0105 si\u0119 te\u017c prace nie\u017cyj\u0105cych i wci\u0105\u017c popularnych malarzy. Za stworzony w 1984 roku projekt plakatu Franciszka Starowieyskiego mi\u0142o\u015bnik jego tw\u00f3rczo\u015bci zap\u0142aci\u0142 2800 z\u0142otych. Tak\u0105 sam\u0105 kwot\u0119 ui\u015bci\u0142 nabywca \u201eSzkic\u00f3w anatomicznych\u201d sprzedanych w 2011 roku w Sopockim Domu Aukcyjnym.<\/p>\n\n\n\n<p>Realistyczno &#8211; magiczne obrazy Tomasza Alena Kopery po raz kolejny spotka\u0142y si\u0119 z zainteresowaniem kolekcjoner\u00f3w. Jedynie \u201eTA05\u201d prezentowane w Sopockim Domu Aukcyjnym wylicytowano za 30.000 z\u0142otych. W 2016 roku \u201eI16\u201d sprzedano za 20.000 z\u0142otych, a rok p\u00f3\u017aniej kompozycja \u201eK17\u201d posz\u0142a za 82.000 z\u0142otych.<\/p>\n\n\n\n<p>Najwi\u0119kszym zaskoczeniem okaza\u0142a si\u0119 sprzeda\u017c obrazu Daniela Paw\u0142owskiego \u201eCorpus\u201d. Nowy nabywca zap\u0142aci\u0142 za nie a\u017c 96.000 z\u0142otych, tym samym ustanawiaj\u0105c rekord za najdro\u017cej sprzedane p\u0142\u00f3tno malarza. To nie jedyny sukces Paw\u0142owskiego na polskim rynku sztuki. W 2018 roku \u201eLilia ciemno\u015bci\u201d, dzie\u0142o w takim samym stopniu inspirowane malarstwem i antyczn\u0105 rze\u017ab\u0105 wylicytowano za niemal 50.000 z\u0142otych. Jak zaznacza menager artysty, Marlena Szumska: \u201eNic dziwnego, \u017ce kompozycje Paw\u0142owskiego to obok dzie\u0142 Sandry Arabskiej, Wojciecha Brewki, Ady Pluchy i Adama Bakalarza jedne z najdro\u017cszych na \u015bwiecie\u201d.<\/p>\n\n\n\n<p>Aukcje w 2020 roku pokaza\u0142y, \u017ce w\u015br\u00f3d wielbicieli malarstwa dawnego i wsp\u00f3\u0142czesnego wci\u0105\u017c jest wielu kolekcjoner\u00f3w surrealistycznych obraz\u00f3w gotowych s\u0142ono zap\u0142aci\u0107 za kolejne kompozycje. I cho\u0107 na razie nie s\u0105 one wyceniane tak wysoko jak prace Wojciecha Fangora, nic nie stoi na przeszkodzie, by w przysz\u0142o\u015bci m\u0142odzi arty\u015bci nie dor\u00f3wnali mistrzowi op &#8211; artu.<\/p>\n","protected":false},"excerpt":{"rendered":"<p>Aukcje sztuki dawnej i wsp\u00f3\u0142czesnej to nie jedyne jakimi w ubieg\u0142ym roku interesowali si\u0119 kolekcjonerzy. Du\u017cym zainteresowaniem cieszy\u0142y si\u0119 dzie\u0142a polskich surrealist\u00f3w i realist\u00f3w magicznych. Zdzis\u0142aw Beksi\u0144ski, Rafa\u0142 Olbi\u0144ski, Tomasz \u201eS\u0119ti\u201d S\u0119towski, Kazimierz Mikulski, Maksymilian Novak &#8211; Zempli\u0144ski, Wojtek Siudmak, Tomasz Alen Kopera i Jerzy Duda \u2013 Gracz to arty\u015bci, kt\u00f3rych prace w 2020 roku&#8230;<\/p>\n","protected":false},"author":6,"featured_media":4180,"comment_status":"open","ping_status":"open","sticky":false,"template":"","format":"standard","meta":{"footnotes":""},"categories":[10],"tags":[2971,2987,23,2991,826,2947,901,2951,2984,3022,2952,2963,2960,3010,2565,2950,820,2999,2900,2955,2959,2997,3002,2977,2772,3016,2994,893,2722,3005,2981,2975,505,3012,2927,2956,3018,2970,2996,2953,2974,2961,2958,2876,3020,2845,3021,3011,2976,2968,2966,3003,3004,2586,2978,679,2989,3000,2982,80,2992,2972,2988,2983,2957,2723,2995,2946,3023,2949,3025,2985,2826,343,3015,3014,2824,2962,2954,2979,1135,3009,895,2990,3013,2825,81,2973,2969,2607,2998,2914,2409,3017,2965,2948,3001,2993,3008,2986,3007,2618,2967,2964,2980,1067,1184],"_links":{"self":[{"href":"https:\/\/www.touchofart.eu\/blog\/wp-json\/wp\/v2\/posts\/4179"}],"collection":[{"href":"https:\/\/www.touchofart.eu\/blog\/wp-json\/wp\/v2\/posts"}],"about":[{"href":"https:\/\/www.touchofart.eu\/blog\/wp-json\/wp\/v2\/types\/post"}],"author":[{"embeddable":true,"href":"https:\/\/www.touchofart.eu\/blog\/wp-json\/wp\/v2\/users\/6"}],"replies":[{"embeddable":true,"href":"https:\/\/www.touchofart.eu\/blog\/wp-json\/wp\/v2\/comments?post=4179"}],"version-history":[{"count":1,"href":"https:\/\/www.touchofart.eu\/blog\/wp-json\/wp\/v2\/posts\/4179\/revisions"}],"predecessor-version":[{"id":4181,"href":"https:\/\/www.touchofart.eu\/blog\/wp-json\/wp\/v2\/posts\/4179\/revisions\/4181"}],"wp:featuredmedia":[{"embeddable":true,"href":"https:\/\/www.touchofart.eu\/blog\/wp-json\/wp\/v2\/media\/4180"}],"wp:attachment":[{"href":"https:\/\/www.touchofart.eu\/blog\/wp-json\/wp\/v2\/media?parent=4179"}],"wp:term":[{"taxonomy":"category","embeddable":true,"href":"https:\/\/www.touchofart.eu\/blog\/wp-json\/wp\/v2\/categories?post=4179"},{"taxonomy":"post_tag","embeddable":true,"href":"https:\/\/www.touchofart.eu\/blog\/wp-json\/wp\/v2\/tags?post=4179"}],"curies":[{"name":"wp","href":"https:\/\/api.w.org\/{rel}","templated":true}]}}