{"id":4037,"date":"2020-10-09T12:33:29","date_gmt":"2020-10-09T10:33:29","guid":{"rendered":"https:\/\/www.touchofart.eu\/blog\/?p=4037"},"modified":"2020-10-09T12:33:29","modified_gmt":"2020-10-09T10:33:29","slug":"tomasz-alen-kopera-surrealista-zakochany-w-przyrodzie","status":"publish","type":"post","link":"https:\/\/www.touchofart.eu\/blog\/tomasz-alen-kopera-surrealista-zakochany-w-przyrodzie\/","title":{"rendered":"Tomasz Alen Kopera. Surrealista zakochany w przyrodzie"},"content":{"rendered":"\n<figure class=\"wp-block-image size-large\"><img loading=\"lazy\" decoding=\"async\" width=\"620\" height=\"736\" src=\"https:\/\/www.touchofart.eu\/blog\/wp-content\/uploads\/2020\/10\/J19_tal66_190123.jpg\" alt=\"\" class=\"wp-image-4038\" srcset=\"https:\/\/www.touchofart.eu\/blog\/wp-content\/uploads\/2020\/10\/J19_tal66_190123.jpg 620w, https:\/\/www.touchofart.eu\/blog\/wp-content\/uploads\/2020\/10\/J19_tal66_190123-253x300.jpg 253w\" sizes=\"(max-width: 620px) 100vw, 620px\" \/><figcaption><br>Tomasz Alen Kopera, &#8222;J19&#8221;, olej na p\u0142\u00f3tnie, 70&#215;60 cm, galeria Touch of Art<\/figcaption><\/figure>\n\n\n\n<p><\/p>\n\n\n\n<p>W jego tw\u00f3rczo\u015bci dominuje przyroda. Z konar\u00f3w drzew i ska\u0142 wy\u0142aniaj\u0105 si\u0119 ludzie. Takie kompozycje s\u0105 znakiem rozpoznawczym jednego z najbardziej utalentowanych polskich surrealist\u00f3w, Tomasza Alena Kopery.<\/p>\n\n\n\n<p>Malarz urodzi\u0142 si\u0119 w 1976 roku w Ko\u017cuchowie i cho\u0107 nie ma typowego artystycznego wykszta\u0142cenia \u2013 uko\u0144czy\u0142 Politechnik\u0119 Wroc\u0142awsk\u0105, od zawsze poci\u0105ga\u0142a go sztuka. W jednym z wywiad\u00f3w przyzna\u0142: \u201eMoja przygoda ze sztuk\u0105 rozpocz\u0119\u0142a si\u0119 ju\u017c w dzieci\u0144stwie. Odk\u0105d pami\u0119tam, zawsze lubi\u0142em rysowa\u0107, a p\u00f3\u017aniej dosz\u0142o do tego tak\u017ce malowanie\u201d. Szczeg\u00f3lnie mocno poci\u0105ga\u0142y go surrealistyczne p\u0142\u00f3tna, muzyka i inne media. \u201eOd zawsze podoba\u0142y mi si\u0119 mroczne, fantastyczne, przepe\u0142nione groz\u0105 filmy oraz opowie\u015bci\u201d.<\/p>\n\n\n\n<p>Jak Kopera rozumie swoje kompozycje? \u201eTo s\u0105 czyste wizje, nie staram si\u0119 nawet zastanawia\u0107 nad ich znaczeniem, cho\u0107 to bywa trudne, bo czasem interpretacje same si\u0119 narzucaj\u0105. Pojawiaj\u0105 si\u0119 wtedy pytania: co to mo\u017ce znaczy\u0107, o co w tym chodzi, czy odbiorca to zrozumie i wiele innych w\u0105tpliwo\u015bci\u201d. <\/p>\n\n\n\n<p>Dodaje: \u201eNa pewno nie staram si\u0119 czegokolwiek przekazywa\u0107. Po prostu maluj\u0119 swoje \u015bwiaty. Dla nie najwa\u017cniejsze jest by obraz \u00abdzia\u0142a\u0142\u00bb\u201d. Cechy charakterystyczne malarstwa Kopery? Surrealistyczne, przenikaj\u0105ce si\u0119 \u015bwiaty i postacie, w kt\u00f3rych na pierwszy plan wysuwa si\u0119 przyroda. Przyznaje, \u017ce stanowi ona g\u0142\u00f3wn\u0105 inspiracj\u0119 dla swojej tw\u00f3rczo\u015bci: <\/p>\n\n\n\n<p>\u201e(&#8230;) Czerpi\u0119 natchnienie r\u00f3wnie\u017c ze struktur skalnych &#8211; wszelkiego rodzaju sp\u0119ka\u0144, korozji, oraz przejaw\u00f3w destrukcji i rozpadu. Jest w tym co\u015b co mnie fascynuje\u201d.<\/p>\n\n\n\n<p>Kopera uwielbia rze\u017ab\u0119, a tak\u017ce kino: \u201eTak, interesuj\u0119 si\u0119 kinem. My\u015bl\u0119, \u017ce m\u00f3g\u0142bym tworzy\u0107 surrealistyczne filmy animowane, kukie\u0142kowe\u201d. W przeciwie\u0144stwie do innych malarzy, Alen nie szuka inspiracji u innych autor\u00f3w. \u201eZachwycam si\u0119 wprawdzie pracami innych artyst\u00f3w, lecz nie s\u0105 one \u017ar\u00f3d\u0142em moich inspiracji, przynajmniej na poziomie \u015bwiadomym\u201d.<\/p>\n\n\n\n<p>Tomasz Kopera jest tytanem pracy, o czym \u015bwiadczy fakt, \u017ce nad jednym p\u0142\u00f3tnem artysta potrafi sp\u0119dzi\u0107 du\u017co czasu: \u201eProces malowania trwa d\u0142ugo, nawet kilka miesi\u0119cy. Zwykle tworz\u0119 wi\u0119c kilka obraz\u00f3w jednocze\u015bnie\u201d. Cz\u0119sto pomys\u0142y Kopery zmieniaj\u0105 si\u0119 ju\u017c na etapie planowania.<\/p>\n\n\n\n<p> Jak m\u00f3wi: \u201ePodczas tworzenia nie realizuj\u0119 konsekwentnie raz powzi\u0119tej wizji. Bardzo cz\u0119sto pocz\u0105tkowa koncepcja obrazu ewoluuje. (\u2026) Nie lubi\u0119 sztywno trzyma\u0107 si\u0119 za\u0142o\u017conej koncepcji. To stawia przede mn\u0105 ograniczenia, kt\u00f3rych nie cierpi\u0119\u201d.<\/p>\n\n\n\n<p>Wi\u0119kszo\u015b\u0107 prac Tomasz Kopera tworzy na p\u0142\u00f3tnie, u\u017cywaj\u0105c cienkich, okr\u0105g\u0142ych p\u0119dzelk\u00f3w, umo\u017cliwiaj\u0105cych arty\u015bcie dopracowanie detali. Artysta, podobnie do Zdzis\u0142awa Beksi\u0144skiego uwielbia programy graficzne. Zwykle tworzy szybkie szkice na komputerze, w razie potrzeby u\u0142atwiaj\u0105ce Alenowi nanosi\u0107 na nie poprawki. Przepada za eksperymentami kompozycyjnymi, jednak stosuje je z rozwag\u0105.<\/p>\n\n\n\n<p>Kopera: \u201eMoje obrazy maluj\u0119 warstwowo. Najcz\u0119\u015bciej rozpoczynam prac\u0119 od wykonania szybkiego i do\u015b\u0107 pobie\u017cnego szkicu o\u0142\u00f3wkiem, czasami jednak pomijam ten etap. Nast\u0119pnie maluj\u0119 pierwsz\u0105 warstw\u0119 \u2013 bardzo og\u00f3ln\u0105. Zazwyczaj, cho\u0107 nie zawsze, u\u017cywam wtedy tylko jednego koloru, jest nim palona umbra\u201d. <\/p>\n\n\n\n<p>Jak sam przyznaje, dzi\u0119ki temu zabiegowi dzie\u0142a zyskuj\u0105 coraz wi\u0119cej kontrast\u00f3w: \u201eBuduj\u0119 je, pocz\u0105wszy od najciemniejszych, a sko\u0144czywszy na najja\u015bniejszych obszarach, dodaj\u0105c w mi\u0119dzyczasie coraz wi\u0119cej kolor\u00f3w oraz detali. Wyka\u0144czanie szczeg\u00f3\u0142\u00f3w to ostatni etap tworzenia\u201d. Dodaje: \u201eCzasem dziwi\u0119 si\u0119, \u017ce obraz, kt\u00f3ry odbieram jako pogodny jest zdaniem innych ludzi mroczny czy wr\u0119cz przera\u017caj\u0105cy\u201d.<\/p>\n\n\n\n<p>W 2005 roku Tomasz Alen Kopera wyjecha\u0142 do Irlandii P\u00f3\u0142nocnej, a pi\u0119\u0107 lat p\u00f3\u017aniej zosta\u0142 przyj\u0119ty do mi\u0119dzynarodowej grupy Libellule. Jej za\u0142o\u017cyciel, Luk\u00e1\u0161 K\u00e1ndla, jeden z najwi\u0119kszych przedstawicieli realizmu magicznego udowadnia, \u017ce tak\u017ce teraz istnieje prawdziwa sztuka, czego dowodem s\u0105 m.in. dzie\u0142a Kopery. Dla artysty najwa\u017cniejszym celem jest by jego sztuka wzbudza\u0142a emocje: \u201eCiesz\u0119 si\u0119, gdy uda mi si\u0119 stworzy\u0107 prac\u0119, kt\u00f3ra wzbudza w odbiorcy jakie\u015b emocje\u201d.<\/p>\n\n\n\n<p>W przeciwie\u0144stwie do wielu polskich surrealist\u00f3w, na czele ze Zdzis\u0142awem Beksi\u0144skim i Krzysztofem Hekselem, Kopera podpisuje swoje dzie\u0142a: \u201ePo zako\u0144czeniu pracy nadaj\u0119 jej numer sk\u0142adaj\u0105cy si\u0119 z litery i liczby. Zast\u0119puje on tytu\u0142 i pomaga mi katalogowa\u0107 obrazy\u201d. <\/p>\n\n\n\n<p>Tomasz Alen Kopera na sta\u0142e wsp\u00f3\u0142pracuje z wieloma zagranicznymi i polskimi galeriami, w tym Touch of Art, Tadeo \u2013 Art czy Art \u00c9clat. W 2016 roku w ramach ekspozycji \u201eIm&#8217;ago Primordialis\u201d w galerii Krab Jab Studio artysta wystawi\u0142 swoje najnowsze dzie\u0142o \u201eG16 bez tytu\u0142u\u201d. Obok Alena Kopery swoje p\u0142\u00f3tna pokazali tak\u017ce inni zagraniczni tw\u00f3rcy, np. Brigid Marlin, Igor Grechanyk, Miguel Tio i Amanda Sage.<\/p>\n\n\n\n<p>Tomasz Alen Kopera jest artyst\u0105 nietuzinkowym. Pokazuje, \u017ce inspiracje do kolejnych p\u0142\u00f3cien znajduje wsz\u0119dzie \u2013 r\u00f3wnie\u017c w \u015bwiecie przyrody. Dlatego wiele os\u00f3b nazywa Tomasza Alena Koper\u0119 surrealist\u0105 zakochanym w przyrodzie i ska\u0142ach. I powtarzaj\u0105, \u017ce jego p\u0142\u00f3tna s\u0105 nie do podrobienia. A to dla malarza najwi\u0119kszy komplement.<\/p>\n","protected":false},"excerpt":{"rendered":"<p>W jego tw\u00f3rczo\u015bci dominuje przyroda. Z konar\u00f3w drzew i ska\u0142 wy\u0142aniaj\u0105 si\u0119 ludzie. Takie kompozycje s\u0105 znakiem rozpoznawczym jednego z najbardziej utalentowanych polskich surrealist\u00f3w, Tomasza Alena Kopery. Malarz urodzi\u0142 si\u0119 w 1976 roku w Ko\u017cuchowie i cho\u0107 nie ma typowego artystycznego wykszta\u0142cenia \u2013 uko\u0144czy\u0142 Politechnik\u0119 Wroc\u0142awsk\u0105, od zawsze poci\u0105ga\u0142a go sztuka. W jednym z wywiad\u00f3w&#8230;<\/p>\n","protected":false},"author":6,"featured_media":4038,"comment_status":"open","ping_status":"open","sticky":false,"template":"","format":"standard","meta":{"footnotes":""},"categories":[8],"tags":[1824,1823,1849,1843,1539,1636,359,1836,1839,1847,1837,1831,1744,1845,1119,1840,1838,1848,1841,66,1716,1717,1718,1830,1828,895,544,1829,1825,1834,82,1842,1106,1832,1826,1833,1835,1827],"_links":{"self":[{"href":"https:\/\/www.touchofart.eu\/blog\/wp-json\/wp\/v2\/posts\/4037"}],"collection":[{"href":"https:\/\/www.touchofart.eu\/blog\/wp-json\/wp\/v2\/posts"}],"about":[{"href":"https:\/\/www.touchofart.eu\/blog\/wp-json\/wp\/v2\/types\/post"}],"author":[{"embeddable":true,"href":"https:\/\/www.touchofart.eu\/blog\/wp-json\/wp\/v2\/users\/6"}],"replies":[{"embeddable":true,"href":"https:\/\/www.touchofart.eu\/blog\/wp-json\/wp\/v2\/comments?post=4037"}],"version-history":[{"count":1,"href":"https:\/\/www.touchofart.eu\/blog\/wp-json\/wp\/v2\/posts\/4037\/revisions"}],"predecessor-version":[{"id":4039,"href":"https:\/\/www.touchofart.eu\/blog\/wp-json\/wp\/v2\/posts\/4037\/revisions\/4039"}],"wp:featuredmedia":[{"embeddable":true,"href":"https:\/\/www.touchofart.eu\/blog\/wp-json\/wp\/v2\/media\/4038"}],"wp:attachment":[{"href":"https:\/\/www.touchofart.eu\/blog\/wp-json\/wp\/v2\/media?parent=4037"}],"wp:term":[{"taxonomy":"category","embeddable":true,"href":"https:\/\/www.touchofart.eu\/blog\/wp-json\/wp\/v2\/categories?post=4037"},{"taxonomy":"post_tag","embeddable":true,"href":"https:\/\/www.touchofart.eu\/blog\/wp-json\/wp\/v2\/tags?post=4037"}],"curies":[{"name":"wp","href":"https:\/\/api.w.org\/{rel}","templated":true}]}}