{"id":4025,"date":"2020-09-29T16:39:51","date_gmt":"2020-09-29T14:39:51","guid":{"rendered":"https:\/\/www.touchofart.eu\/blog\/?p=4025"},"modified":"2020-09-29T16:39:51","modified_gmt":"2020-09-29T14:39:51","slug":"krzysztof-heksel-kolejny-beksinski","status":"publish","type":"post","link":"https:\/\/www.touchofart.eu\/blog\/krzysztof-heksel-kolejny-beksinski\/","title":{"rendered":"Krzysztof Heksel. Kolejny Beksi\u0144ski?"},"content":{"rendered":"\n<figure class=\"wp-block-image size-large\"><img loading=\"lazy\" decoding=\"async\" width=\"619\" height=\"608\" src=\"https:\/\/www.touchofart.eu\/blog\/wp-content\/uploads\/2020\/09\/bez_tytulu_khe97_197274.jpg\" alt=\"\" class=\"wp-image-4026\" srcset=\"https:\/\/www.touchofart.eu\/blog\/wp-content\/uploads\/2020\/09\/bez_tytulu_khe97_197274.jpg 619w, https:\/\/www.touchofart.eu\/blog\/wp-content\/uploads\/2020\/09\/bez_tytulu_khe97_197274-300x295.jpg 300w, https:\/\/www.touchofart.eu\/blog\/wp-content\/uploads\/2020\/09\/bez_tytulu_khe97_197274-67x67.jpg 67w, https:\/\/www.touchofart.eu\/blog\/wp-content\/uploads\/2020\/09\/bez_tytulu_khe97_197274-40x40.jpg 40w\" sizes=\"(max-width: 619px) 100vw, 619px\" \/><figcaption><br>Krzysztof Hekse, &#8222;Bez tytu\u0142u&#8221;, 88&#215;86 cm, olej na p\u0142ycie, galeria Touch of Art<\/figcaption><\/figure>\n\n\n\n<p><\/p>\n\n\n\n<p>Krzysztof Heksel urodzi\u0142 si\u0119 w 1982 roku w Wa\u0142brzychu. Chocia\u017c jego ojciec zajmowa\u0142 si\u0119 renowacj\u0105 starych obraz\u00f3w, on sam przez wiele lat \u017cy\u0142 w przekonaniu, \u017ce nie mo\u017ce zosta\u0107 malarzem. W domu obcowa\u0142 jednak z dzie\u0142ami wybitnych artyst\u00f3w. Hekselowi podoba\u0142y si\u0119 zw\u0142aszcza marynistyczne dzie\u0142a Ajwarowskiego, kt\u00f3re metod\u0105 pr\u00f3b i b\u0142\u0119d\u00f3w kopiowa\u0142. Jak sam powtarza w wywiadach: \u201eNigdy nie lubi\u0142em kwiatk\u00f3w w wazonie czy pejza\u017cyk\u00f3w, wszystko to lepiej wygl\u0105da na \u017cywo lub na fotografii\u201d. <\/p>\n\n\n\n<p>B\u0119d\u0105c nastolatkiem Heksel zwr\u00f3ci\u0142 uwag\u0119 na prace Zdzis\u0142awa Beksi\u0144skiego. Tajemnicze i zaskakuj\u0105ce prace surrealisty i te tworzone w nurcie realizmu fantastycznego ceni wyj\u0105tkowo wysoko. \u201ePierwsze fotografie obraz\u00f3w Beksi\u0144skiego zobaczy\u0142em w jakim\u015b albumie, mia\u0142em wtedy ok. 14, 15 lat. To by\u0142o dla mnie ol\u015bnienie, \u00abto jest to\u00bb \u2013 pomy\u015bla\u0142em. Nie wiedzia\u0142em w jaki spos\u00f3b artysta tworzy, wi\u0119c pr\u00f3bowa\u0142em go na\u015bladowa\u0107, co przynosi\u0142o r\u00f3\u017cny skutek. Robi\u0142em to dla siebie, nie my\u015bla\u0142em wtedy, \u017ce zostan\u0119 artyst\u0105\u201d. I dodaje: \u201eMy\u015bl\u0119, \u017ce problemem nie jest fakt, \u017ce maluj\u0119 surrealizm jak Beksi\u0144ski czy wielu innych artyst\u00f3w, lecz ch\u0119\u0107, \u017ce chc\u0119 do\u015bcign\u0105\u0107 mistrza w technice malowania i nie wstydz\u0119 si\u0119 tego\u201d, by po latach stwierdzi\u0107, \u017ce nie ma zamiaru by\u0107 drugim Beksi\u0144skim. <\/p>\n\n\n\n<p>Prezes Zwi\u0105zku Artyst\u00f3w Polskich w Wa\u0142brzychu: \u201eOn na podstawie tego co Beksi\u0144ski stworzy\u0142, jest jakby kontynuatorem jego tw\u00f3rczo\u015bci\u201d.<\/p>\n\n\n\n<p>Na pytania dlaczego tworzy melancholijne p\u0142\u00f3tna, odpowiada: \u201eUwa\u017cam, \u017ce ci\u0105gle narastaj\u0105ca entropia we wszech\u015bwiecie oraz proces rozk\u0142adu s\u0105 malarsko bardziej ciekawe ni\u017c jakie\u015b kolorowe wyidealizowane scenki i widoczki\u201d. Obok Beksi\u0144skiego malarz ceni prace Gierymskiego, Boscha i Turnera.<\/p>\n\n\n\n<p>Podobnie jak wcze\u015bniej Beksi\u0144ski, Heksel uwa\u017ca, \u017ce najwa\u017cniejsza jest dla niego faktura obrazu, a nie ich tematy. Nie chc\u0105c narzuca\u0107 widzom gotowej interpretacji p\u0142\u00f3cien, pozostawia je bez tytu\u0142u.<\/p>\n\n\n\n<p>Krzysztof Heksel do tego stopnia wykonuje podobne do Beksi\u0144skiego obrazy, \u017ce jedn\u0105 z jego prac sprzedano b\u0142\u0119dnie jako dzie\u0142o sanockiego malarza. P\u0142\u00f3tno trafi\u0142o do ameryka\u0144skiego wielbiciela polskiego surrealizmu, jednak gdy us\u0142ysza\u0142 o pomy\u0142ce nie zwr\u00f3ci\u0142 go galerii. Heksel w wywiadzie: \u201eNaj\u015bmieszniejsze jest to, \u017ce ten obraz by\u0142 troch\u0119 nieudany.\u201d<\/p>\n\n\n\n<p>Krzysztof Heksel wr\u00f3ci\u0142 do malowania w 2006 roku po \u015bmierci ojca, jednak dopiero siedem lat p\u00f3\u017aniej malarz zdecydowa\u0142 si\u0119 pokaza\u0107 swoje obrazy w jednej z galerii. Mimo braku artystycznego wykszta\u0142cenia w 2015 roku artysta zasili\u0142 szeregi Zwi\u0105zku Artyst\u00f3w Polskich. <\/p>\n\n\n\n<p>Styl i materia\u0142y, jakich Krzysztof Heksel u\u017cywa zmienia\u0142y si\u0119 przez lata. Obecnie artysta wykonuje kompozycje na p\u0142ytach. Jak wspomina: \u201eP\u0142yta daje t\u0119 mo\u017cliwo\u015b\u0107, \u017ceby od pocz\u0105tku gruntowania, k\u0142adzenia farby, zrobi\u0107 g\u0142adk\u0105 powierzchni\u0119\u201d. Malarz korzysta r\u00f3wnie\u017c z oleju, a wiele element\u00f3w dzie\u0142 podkre\u015bla laserunkiem, wydobywaj\u0105c w ten spos\u00f3b g\u0142\u0119bi\u0119 postaci i barw przedstawianego przez siebie \u015bwiata. <\/p>\n\n\n\n<p>Heksel przyznaje, \u017ce praca nad obrazami trwa d\u0142ugo. \u201eObecnie wygl\u0105da to tak, \u017ce nak\u0142adam wiele warstw, ci\u0105gle przerabiam i wymy\u015blam w trakcie tworzenia. Malowanie obrazu jest jednocze\u015bnie jakby studium do niego. Ka\u017cdy jest wielokrotnie przerabiany, poprawiany i to d\u0142ugo trwa\u201d. <\/p>\n\n\n\n<p>Malarz nie chce osi\u0105gn\u0105\u0107 doskona\u0142o\u015bci, bo bardziej od niej interesuje go sam proces tworzenia. G\u0142\u00f3wnymi tematami prac Heksela, podobnie jak u Beksi\u0144skiego s\u0105 motywy \u015bmierci, przemijania, snu, a inspiracj\u0119 wielu p\u0142\u00f3cien stanowi kosmos, astronomia, filozofia, poszukiwanie sensu istnienia. <\/p>\n\n\n\n<p>Heksel: \u201eJest jaka\u015b burza my\u015bli, to si\u0119 w trakcie zmienia i dlatego nie nadaje si\u0119 tre\u015bci tym obrazom. Po prostu jest co\u015b jak sen, bo w \u015bnie mamy r\u00f3\u017cne sploty zdarze\u0144.\u201d W innym wywiadzie artysta powiedzia\u0142: \u201eDla mnie to nie jest ani mroczne, ani ci\u0119\u017ckie, ja to po prostu lubi\u0119. Obraz ma da\u0107 odbiorcy do my\u015blenia oraz przedstawia\u0107 wra\u017cenia estetyczne, wizualne. W\u0142a\u015bnie do tego ca\u0142y czas d\u0105\u017c\u0119 i licz\u0119, \u017ce cho\u0107 troch\u0119 zbli\u017cam si\u0119 do idea\u0142u\u201d.<\/p>\n\n\n\n<p>W 2017 roku Krzysztof Heksel otrzyma\u0142 nagrod\u0119 La Palette du Monde, przyznan\u0105 w ramach Pierwszego Mi\u0119dzynarodowego Festiwalu Sztuk w Pary\u017cu. Kolejne wystawy, tj. \u201eMetamorfoza\u201d, \u201eSurrealistyczne \u015bwiaty Krzysztofa Heksela\u201d prezentowana we wroc\u0142awskiej Hali Stulecia lub \u201eOgrody Ceramiki\u201d pokazane na Wydziale Ceramiki i Szk\u0142a w Akademii Sztuk Pi\u0119knych we Wroc\u0142awiu, utwierdzi\u0142y artyst\u0119 w przekonaniu, \u017ce mo\u017ce skupi\u0107 si\u0119 na tworzeniu nowych dzie\u0142. <\/p>\n\n\n\n<p>Krzysztof Heksel regularnie pokazuje obrazy w wielu miejscach Polski, np. Wa\u0142brzychu, G\u0142uszycy, Z\u0105bkowicach \u015al\u0105skich, K\u0142odzku, Piasecznie (ekspozycja \u201eOne Night One Art\u201d z 2017 roku), gdzie zachwyci\u0142 skromno\u015bci\u0105. Pracownica galerii w G\u0142uszycach: \u201eBy\u0142 za\u017cenowany tym ca\u0142ym zamieszaniem, kt\u00f3re by\u0142o zwi\u0105zane z wystawa jak\u0105 mu organizowali\u015bmy. Tak zosta\u0142o do tej pory\u201d.<\/p>\n\n\n\n<p>Artysta wsp\u00f3\u0142pracuje z kilkoma galeriami, w tym wa\u0142brzysk\u0105 galeri\u0105 Touch of Art i Galeri\u0105 Impart z Wroc\u0142awia.<\/p>\n\n\n\n<p>Krzysztof Heksel jest artyst\u0105 nietuzinkowym. Cho\u0107 jego prace bywaj\u0105 por\u00f3wnywane z dzie\u0142ami Zdzis\u0142awa Beksi\u0144skiego, malarz uwa\u017ca, \u017ce warto pozosta\u0107 sob\u0105. A sztuka jak\u0105 tworzy sta\u0142a si\u0119 odzwierciedleniem jego duszy.<\/p>\n","protected":false},"excerpt":{"rendered":"<p>Krzysztof Heksel urodzi\u0142 si\u0119 w 1982 roku w Wa\u0142brzychu. Chocia\u017c jego ojciec zajmowa\u0142 si\u0119 renowacj\u0105 starych obraz\u00f3w, on sam przez wiele lat \u017cy\u0142 w przekonaniu, \u017ce nie mo\u017ce zosta\u0107 malarzem. W domu obcowa\u0142 jednak z dzie\u0142ami wybitnych artyst\u00f3w. Hekselowi podoba\u0142y si\u0119 zw\u0142aszcza marynistyczne dzie\u0142a Ajwarowskiego, kt\u00f3re metod\u0105 pr\u00f3b i b\u0142\u0119d\u00f3w kopiowa\u0142. Jak sam powtarza w&#8230;<\/p>\n","protected":false},"author":6,"featured_media":4026,"comment_status":"open","ping_status":"open","sticky":false,"template":"","format":"standard","meta":{"footnotes":""},"categories":[8],"tags":[1743,1539,1587,1720,1670,421,1711,1677,1738,1739,1721,1736,906,1730,1728,1125,1712,1733,1714,1744,180,1119,1120,1729,1745,1574,1724,1719,1661,66,1726,1716,1732,513,1734,1723,1717,1715,1718,896,1722,701,1746,1725,70,82,1737,1742,1713,1709,1727,1735,1731,1184,1710],"_links":{"self":[{"href":"https:\/\/www.touchofart.eu\/blog\/wp-json\/wp\/v2\/posts\/4025"}],"collection":[{"href":"https:\/\/www.touchofart.eu\/blog\/wp-json\/wp\/v2\/posts"}],"about":[{"href":"https:\/\/www.touchofart.eu\/blog\/wp-json\/wp\/v2\/types\/post"}],"author":[{"embeddable":true,"href":"https:\/\/www.touchofart.eu\/blog\/wp-json\/wp\/v2\/users\/6"}],"replies":[{"embeddable":true,"href":"https:\/\/www.touchofart.eu\/blog\/wp-json\/wp\/v2\/comments?post=4025"}],"version-history":[{"count":1,"href":"https:\/\/www.touchofart.eu\/blog\/wp-json\/wp\/v2\/posts\/4025\/revisions"}],"predecessor-version":[{"id":4027,"href":"https:\/\/www.touchofart.eu\/blog\/wp-json\/wp\/v2\/posts\/4025\/revisions\/4027"}],"wp:featuredmedia":[{"embeddable":true,"href":"https:\/\/www.touchofart.eu\/blog\/wp-json\/wp\/v2\/media\/4026"}],"wp:attachment":[{"href":"https:\/\/www.touchofart.eu\/blog\/wp-json\/wp\/v2\/media?parent=4025"}],"wp:term":[{"taxonomy":"category","embeddable":true,"href":"https:\/\/www.touchofart.eu\/blog\/wp-json\/wp\/v2\/categories?post=4025"},{"taxonomy":"post_tag","embeddable":true,"href":"https:\/\/www.touchofart.eu\/blog\/wp-json\/wp\/v2\/tags?post=4025"}],"curies":[{"name":"wp","href":"https:\/\/api.w.org\/{rel}","templated":true}]}}