{"id":4009,"date":"2020-09-15T12:01:02","date_gmt":"2020-09-15T10:01:02","guid":{"rendered":"http:\/\/www.touchofart.eu\/blog\/?p=4009"},"modified":"2020-09-15T12:01:02","modified_gmt":"2020-09-15T10:01:02","slug":"alfons-karpinski-malarz-nie-do-podrobienia","status":"publish","type":"post","link":"https:\/\/www.touchofart.eu\/blog\/alfons-karpinski-malarz-nie-do-podrobienia\/","title":{"rendered":"Alfons Karpi\u0144ski. Malarz nie do podrobienia"},"content":{"rendered":"\n<div class=\"wp-block-image is-style-default\"><figure class=\"aligncenter size-large\"><img loading=\"lazy\" decoding=\"async\" width=\"620\" height=\"500\" src=\"https:\/\/www.touchofart.eu\/blog\/wp-content\/uploads\/2020\/09\/Roze_Zolte_akar1_171365.jpg\" alt=\"\" class=\"wp-image-4010\" srcset=\"https:\/\/www.touchofart.eu\/blog\/wp-content\/uploads\/2020\/09\/Roze_Zolte_akar1_171365.jpg 620w, https:\/\/www.touchofart.eu\/blog\/wp-content\/uploads\/2020\/09\/Roze_Zolte_akar1_171365-300x242.jpg 300w\" sizes=\"(max-width: 620px) 100vw, 620px\" \/><figcaption>Alfons Karpi\u0144ski, &#8222;R\u00f3\u017ce \u017b\u00f3\u0142te&#8221;, olej na p\u0142ycie tekturowej, 35&#215;50 cm, galeria Touch of Art<\/figcaption><\/figure><\/div>\n\n\n\n<p><\/p>\n\n\n\n<p>Alfons Karpi\u0144ski \u2013 pejza\u017cysta, malarz nastrojowych scen, portrecista kobiet, urodzi\u0142 si\u0119 20 lutego 1875 roku w Rozwadowie (obecnie jedna z dzielnic Stalowej Woli). Mia\u0142 10 lat gdy wraz z rodzin\u0105 przeni\u00f3s\u0142 si\u0119 do Krakowa, gdzie rozpocz\u0105\u0142 swoj\u0105 przygod\u0119 ze sztuk\u0105. Sze\u015b\u0107 lat p\u00f3\u017aniej Karpi\u0144ski zacz\u0105\u0142 nauk\u0119 w ASP, a jego nauczycielami byli tworz\u0105cy w stylu Jana Matejki Florian Cynk i W\u0142adys\u0142aw \u0141uszczkiewicz. Niedo\u015bcignionym wzorem dla Karpi\u0144skiego sta\u0142 si\u0119 tak\u017ce Leon Wycz\u00f3\u0142kowski, nauczyciel portretu. Ju\u017c w trakcie studi\u00f3w malarz tworzy\u0142 ilustracje modlitewnik\u00f3w, fresk\u00f3w na jednej ze \u015bcian krakowskiego klasztoru Reformat\u00f3w. <\/p>\n\n\n\n<p>Nied\u0142ugo p\u00f3\u017aniej Alfons Karpi\u0144ski nawi\u0105za\u0142 kolejn\u0105 ciekaw\u0105 wsp\u00f3\u0142prac\u0119. W 1898 roku w trakcie odbywania obowi\u0105zkowej s\u0142u\u017cby wojskowej, Alfons pozna\u0142 znanego i cenionego w\u00f3wczas historyka sztuki, Jerzego Mycielskiego. Zadanie jakie Karpi\u0144ski od niego otrzyma\u0142 by\u0142o proste \u2013 stworzy\u0107 jak najwi\u0119cej kopii starych i malowanych na zam\u00f3wienie portret\u00f3w. W 1911 i 1915 roku Alfons Karpi\u0144ski wykona\u0142 tak\u017ce wizerunki swoich chlebodawc\u00f3w \u2013 Jerzego Myciejskiego oraz Marii z Szembek\u00f3w Myciejskiej. To wtedy krakowski malarz pokaza\u0142 doskona\u0142y warsztat, znajomo\u015b\u0107 psychologii modela i w\u0142asnej intuicji, szlifowanych w akademii w Monachium. <\/p>\n\n\n\n<p>Rok p\u00f3\u017aniej, w 1904 roku, Karpi\u0144ski zdecydowa\u0142 si\u0119 na wyjazd do Wiednia. Tam w pracowni Kazimierza Pochwalskiego pozna\u0142 nowy nurt, kt\u00f3ry zrewolucjonizowa\u0142 sztuk\u0119 &#8211; secesj\u0119, a tak\u017ce uzyska\u0142 jako jedyny polski artysta w historii uczelni za p\u0142\u00f3tno \u201eKwiaciarnia\u201d Prix de Rome. Alfons Karpi\u0144ski w dalszym ci\u0105gu szlifowa\u0142 anatomi\u0119 ludzkiego cia\u0142a, tworz\u0105c akty m\u0119skie, jednak pod koniec pobytu w 1907 roku w akademii wyzna\u0142: \u201eNastr\u00f3j artystyczny by\u0142 jednak dla mnie w Wiedniu nudny\u201d. Fascynowa\u0142a go polska wie\u015b, kt\u00f3r\u0105 kopiowa\u0142 w przerwach mi\u0119dzy studiami: \u201eWraca\u0142em do tego interesuj\u0105cego mnie tematu, sp\u0119dzaj\u0105c wszystkie ferie szkolne w Bronowicach. Poszed\u0142em nawet piechot\u0105 do Kalwarii by robi\u0107 szkice do obrazu \u00abPielgrzymi\u00bb\u201d. <\/p>\n\n\n\n<p>Nied\u0142ugo p\u00f3\u017aniej Karpi\u0144ski stworzy\u0142 dwie wersje tego samego tematu \u2013 chodzi o prace \u201eNa odpu\u015bcie\u201d z 1907 roku i pochodz\u0105cy z 1905 roku szkic \u201eNa targu\u201d, zachwycaj\u0105ce nietypow\u0105 kompozycj\u0105, dok\u0142adnym, wyrazistym rysunkiem postaci. Karpi\u0144ski uda\u0142 si\u0119 tak\u017ce do Pary\u017ca, gdzie przez pi\u0119\u0107 lat pocz\u0105wszy od roku 1907 kszta\u0142ci\u0142 si\u0119 w Acad\u00e9mie Willi. Jak przyzna\u0142 Alfons to w\u0142a\u015bnie ta uczelnia mia\u0142a najwi\u0119kszy wp\u0142yw na jego p\u00f3\u017aniejsz\u0105 tw\u00f3rczo\u015b\u0107. <\/p>\n\n\n\n<p>Malowa\u0142 g\u0142\u00f3wnie pe\u0142ne uroku ma\u0142e uliczki, wn\u0119trza niewielkich sklep\u00f3w, most nad Sekwan\u0105, a tak\u017ce swoj\u0105 pracowni\u0119. Pami\u0119ta\u0142 o detalach, jednak dba\u0142 tak\u017ce o mi\u0119kki modelunek, charakterystyczny dla dojrza\u0142ego stylu artysty. Karpi\u0144ski ch\u0119tnie malowa\u0142 kobiece portrety, \u0142\u0105cz\u0105c frywolno\u015b\u0107, tajemniczo\u015b\u0107 z wyszukanym strojem modelki. W wi\u0119kszo\u015bci portret\u00f3w Alfons u\u017cywa\u0142 st\u0142umionej gamy barw, rozwibrowanego \u015bwiat\u0142a, widocznego cho\u0107by w \u201ePortrecie Pani Pie\u0144kowskiej\u201d lub inspirowan\u0105 japo\u0144sk\u0105 sztuk\u0105 \u201eJane z japo\u0144sk\u0105 laleczk\u0105\u201d (zbiory Muzeum Narodowego w Krakowie). Bardzo rzadko jednak malowa\u0142 swoj\u0105 \u017con\u0119 W\u0142adys\u0142aw\u0119 Chmielarczyk\u00f3wn\u0119, sportretowan\u0105 w dzieci\u0144stwie przez Olg\u0119 Bozna\u0144sk\u0105. Wi\u0119kszo\u015b\u0107 prac Karpi\u0144ski wystawi\u0142 na zbiorowych ekspozycjach Towarzystwa Zach\u0119ty Sztuk Pi\u0119knych i Instytucie Propagandy Sztuki w Warszawie, a do teatru \u201eZielony Balonik\u201d projektowa\u0142 scenografie. Z niekt\u00f3rymi dzie\u0142ami odwiedzi\u0142 m.in. Monachium, Stany Zjednoczone, Rzym czy Hag\u0119. <\/p>\n\n\n\n<p>W 1914 roku Alfons Karpi\u0144ski zosta\u0142 powo\u0142any do austriackiej armii, jednak nie my\u015bla\u0142 o zaprzestaniu malowania. W trakcie I wojny \u015bwiatowej artysta w\u0142\u0105czy\u0142 si\u0119 w dzia\u0142alno\u015b\u0107 Oddzia\u0142u Grob\u00f3w Wojennych w Krakowie, dokumentuj\u0105c cmentarze wojenne i mogi\u0142y, portretuj\u0105c rannych \u017co\u0142nierzy. W tym czasie powsta\u0142a te\u017c pe\u0142na nostalgii \u201eOfensywa pod Gorlicami\u201d.<\/p>\n\n\n\n<p>W 1920 roku Karpi\u0144ski zmieni\u0142 palet\u0119 barw, o\u017cywiaj\u0105c j\u0105 za spraw\u0105 spotkania z Bozna\u0144sk\u0105. Nieco rozmyty modelunek oraz wp\u0142yw impresjonizmu pozwoli\u0142 malarzowi na stworzenie takich dzie\u0142 jak \u201eMost w Pary\u017cu\u201d z 1922 roku. Coraz cz\u0119\u015bciej Alfons wystawia\u0142 swoje prace, co mia\u0142o zwi\u0105zek z tym, \u017ce w latach 1910 \u2013 1927 by\u0142 wiceprezesem krakowskiego Towarzystwa Przyjaci\u00f3\u0142 Sztuk Pi\u0119knych. II wojn\u0119 \u015bwiatow\u0105 artysta prze\u017cy\u0142 w Krakowie, dzi\u0119ki czemu ocala\u0142o wiele jego p\u0142\u00f3cien. W 1950 roku mia\u0142a miejsce sto pierwsza wystawa Karpi\u0144skiego zorganizowana przez Towarzystwo Artyst\u00f3w Polskich \u201eSztuka\u201d. Malarz zmar\u0142 6 czerwca 1961 roku w ukochanym Krakowie, pozostawiaj\u0105c po sobie ogromn\u0105 ilo\u015b\u0107 p\u0142\u00f3cien.<\/p>\n\n\n\n<p>Alfons Karpi\u0144ski nale\u017ca\u0142 do grona niezwykle popularnych tw\u00f3rc\u00f3w, o czym \u015bwiadczy fakt, \u017ce ju\u017c za \u017cycia tworzono falsyfikaty wielu jego obraz\u00f3w. Obok kobiecych portret\u00f3w, doceniano martwe natury, krajobrazy wsi, kwiaty. Pozostawa\u0142 wierny swojej intuicji, nie goni\u0105c za nowymi nurtami w sztuce. \u201eMimo \u017ce wielu moich koleg\u00f3w nie wie jak wybrn\u0105\u0107 z pewnego chaosu, kt\u00f3ry w tych latach zapanowa\u0142 w sztuce, ja pozosta\u0142em wierny swojemu malarstwu i nigdy tego nie \u017ca\u0142owa\u0142em\u201d. W\u0142a\u015bnie dlatego, \u017ce Alfons Karpi\u0144ski pozosta\u0142 wierny sobie, stworzy\u0142 tak wiele nietuzinkowych obraz\u00f3w. Dzie\u0142 nie do podrobienia.<\/p>\n","protected":false},"excerpt":{"rendered":"<p>Alfons Karpi\u0144ski \u2013 pejza\u017cysta, malarz nastrojowych scen, portrecista kobiet, urodzi\u0142 si\u0119 20 lutego 1875 roku w Rozwadowie (obecnie jedna z dzielnic Stalowej Woli). Mia\u0142 10 lat gdy wraz z rodzin\u0105 przeni\u00f3s\u0142 si\u0119 do Krakowa, gdzie rozpocz\u0105\u0142 swoj\u0105 przygod\u0119 ze sztuk\u0105. Sze\u015b\u0107 lat p\u00f3\u017aniej Karpi\u0144ski zacz\u0105\u0142 nauk\u0119 w ASP, a jego nauczycielami byli tworz\u0105cy w stylu&#8230;<\/p>\n","protected":false},"author":6,"featured_media":4010,"comment_status":"open","ping_status":"open","sticky":false,"template":"","format":"standard","meta":{"footnotes":""},"categories":[97],"tags":[1620,1623,1624,1529,1630,1618,1611,1539,1637,1614,1636,906,637,1508,1617,1616,1625,1592,1635,1613,1574,1634,1619,1612,513,460,1632,455,772,1621,1628,442,1622,1629,248,1627,1631,626,1633,1615],"_links":{"self":[{"href":"https:\/\/www.touchofart.eu\/blog\/wp-json\/wp\/v2\/posts\/4009"}],"collection":[{"href":"https:\/\/www.touchofart.eu\/blog\/wp-json\/wp\/v2\/posts"}],"about":[{"href":"https:\/\/www.touchofart.eu\/blog\/wp-json\/wp\/v2\/types\/post"}],"author":[{"embeddable":true,"href":"https:\/\/www.touchofart.eu\/blog\/wp-json\/wp\/v2\/users\/6"}],"replies":[{"embeddable":true,"href":"https:\/\/www.touchofart.eu\/blog\/wp-json\/wp\/v2\/comments?post=4009"}],"version-history":[{"count":3,"href":"https:\/\/www.touchofart.eu\/blog\/wp-json\/wp\/v2\/posts\/4009\/revisions"}],"predecessor-version":[{"id":4016,"href":"https:\/\/www.touchofart.eu\/blog\/wp-json\/wp\/v2\/posts\/4009\/revisions\/4016"}],"wp:featuredmedia":[{"embeddable":true,"href":"https:\/\/www.touchofart.eu\/blog\/wp-json\/wp\/v2\/media\/4010"}],"wp:attachment":[{"href":"https:\/\/www.touchofart.eu\/blog\/wp-json\/wp\/v2\/media?parent=4009"}],"wp:term":[{"taxonomy":"category","embeddable":true,"href":"https:\/\/www.touchofart.eu\/blog\/wp-json\/wp\/v2\/categories?post=4009"},{"taxonomy":"post_tag","embeddable":true,"href":"https:\/\/www.touchofart.eu\/blog\/wp-json\/wp\/v2\/tags?post=4009"}],"curies":[{"name":"wp","href":"https:\/\/api.w.org\/{rel}","templated":true}]}}