{"id":3989,"date":"2020-08-28T09:15:49","date_gmt":"2020-08-28T07:15:49","guid":{"rendered":"http:\/\/www.touchofart.eu\/blog\/?p=3989"},"modified":"2020-08-28T09:15:49","modified_gmt":"2020-08-28T07:15:49","slug":"nie-tylko-abakany-kilka-slow-o-rzezbach-magdaleny-abakanowicz","status":"publish","type":"post","link":"https:\/\/www.touchofart.eu\/blog\/nie-tylko-abakany-kilka-slow-o-rzezbach-magdaleny-abakanowicz\/","title":{"rendered":"Nie tylko abakany &#8211; kilka s\u0142\u00f3w o rze\u017abach Magdaleny Abakanowicz"},"content":{"rendered":"\n<p>Tw\u00f3rczo\u015b\u0107 Magdaleny Abakanowicz g\u0142\u00f3wnie kojarzy si\u0119 z olbrzymimi, tekstylnymi kompozycjami, zwanymi od jej nazwiska abakanami. To jednak nie jedyny typ rze\u017ab, kt\u00f3re powsta\u0142y w jej pracowni. Artystka stworzy\u0142a r\u00f3wnie\u017c intryguj\u0105ce dzie\u0142a z metalu. Szczeg\u00f3lnie ciekawy pod tym wzgl\u0119dem jest cykl <em>Rycerze kr\u00f3la Artura.<\/em><\/p>\n\n\n\n<figure class=\"wp-block-image size-large\"><img loading=\"lazy\" decoding=\"async\" width=\"1024\" height=\"684\" src=\"https:\/\/www.touchofart.eu\/blog\/wp-content\/uploads\/2020\/08\/Instalacja_Rozdro\u017ce_2010_Magdalena_Abakanowicz-1024x684.jpg\" alt=\"\" class=\"wp-image-3990\" srcset=\"https:\/\/www.touchofart.eu\/blog\/wp-content\/uploads\/2020\/08\/Instalacja_Rozdro\u017ce_2010_Magdalena_Abakanowicz-1024x684.jpg 1024w, https:\/\/www.touchofart.eu\/blog\/wp-content\/uploads\/2020\/08\/Instalacja_Rozdro\u017ce_2010_Magdalena_Abakanowicz-300x200.jpg 300w, https:\/\/www.touchofart.eu\/blog\/wp-content\/uploads\/2020\/08\/Instalacja_Rozdro\u017ce_2010_Magdalena_Abakanowicz-768x513.jpg 768w, https:\/\/www.touchofart.eu\/blog\/wp-content\/uploads\/2020\/08\/Instalacja_Rozdro\u017ce_2010_Magdalena_Abakanowicz-1536x1025.jpg 1536w, https:\/\/www.touchofart.eu\/blog\/wp-content\/uploads\/2020\/08\/Instalacja_Rozdro\u017ce_2010_Magdalena_Abakanowicz-140x94.jpg 140w, https:\/\/www.touchofart.eu\/blog\/wp-content\/uploads\/2020\/08\/Instalacja_Rozdro\u017ce_2010_Magdalena_Abakanowicz.jpg 1919w\" sizes=\"(max-width: 1024px) 100vw, 1024px\" \/><figcaption>instalacja w Parku Traugutta w Warszawie (zdj\u0119cie za: Wikipedia)<\/figcaption><\/figure>\n\n\n\n<h2 class=\"wp-block-heading\">Nawi\u0105zanie do legendy<\/h2>\n\n\n\n<p>Opowie\u015bci arturia\u0144skie rozpala\u0142y wyobra\u017anie ludzi ju\u017c od czas\u00f3w \u015bredniowiecza. W legendarnym w\u0142adcy i jego rycerzach widziano wzory cn\u00f3t do na\u015bladowania, a z czasem pi\u0119kn\u0105, romantyczn\u0105 opowie\u015b\u0107 o przygodach bohater\u00f3w, magii i \u015bwiecie dawno minionym.<\/p>\n\n\n\n<p>Nic wi\u0119c dziwnego, \u017ce wielu artyst\u00f3w wci\u0105\u017c nawi\u0105zuje do tych historii w swoich dzie\u0142ach, prowadz\u0105c nieustanny dialog z przesz\u0142o\u015bci\u0105 lub widz\u0105c w niej spos\u00f3b na alegoryczne przedstawienie rzeczywisto\u015bci.<\/p>\n\n\n\n<h2 class=\"wp-block-heading\">Magdalena Abakanowicz i jej rycerze<\/h2>\n\n\n\n<p>Rycerze Okr\u0105g\u0142ego Sto\u0142u w wydaniu Magdaleny Abakanowicz s\u0105 jednak nieco inni. Wykonano ich z blachy stalowej, maj\u0105 oko\u0142o 5 metr\u00f3w wysoko\u015bci i wa\u017c\u0105 kilka ton. To kolosy najcz\u0119\u015bciej eksponowane w plenerze. Mo\u017cna je zobaczy\u0107 cho\u0107by przed Muzeum Narodowym we Wroc\u0142awiu.<\/p>\n\n\n\n<p>Trudno jednak doszukiwa\u0107 si\u0119 w\u015br\u00f3d tych gigant\u00f3w realistycznych przedstawie\u0144 sir Lancelota lub Galahada. Metalowe figury nie maj\u0105 cech indywidualnych lub pozwalaj\u0105cych na jednoznaczn\u0105 identyfikacj\u0119. To raczej postaci wy\u0142aniaj\u0105ce si\u0119 z mrok\u00f3w dziej\u00f3w, znajduj\u0105ce si\u0119 w innej rzeczywisto\u015bci, poza czasem i przestrzeni\u0105.<\/p>\n\n\n\n<h2 class=\"wp-block-heading\">Uniwersalno\u015b\u0107 i mit<\/h2>\n\n\n\n<p>Cykl <em>Rycerze Kr\u00f3la Artura <\/em>zalicza si\u0119 do prac figuralnych, o mocno uproszczonej bryle. Mimo to naprawd\u0119 nie brak im poetycko\u015bci, zw\u0142aszcza, gdy rozpatruje si\u0119 je z przestrzeni\u0105, w kt\u00f3rej zosta\u0142y ustawione. Stanowi\u0105 \u0142\u0105cznik mi\u0119dzy tym, co realne, a tym, co ba\u015bniowe.<\/p>\n\n\n\n<p>Jak napisano o nich w katalogu wystawy z 2008 roku w Muzeum Kr\u00f3lowej Zofii w Madrycie: <em>Opowie\u015b\u0107 o kr\u00f3lu Arturze s\u0142u\u017cy artystce do m\u00f3wienia o warto\u015bciach straconych w \u015bwiecie, kt\u00f3ry ucieka si\u0119 do pos\u0142ugiwania si\u0119 si\u0142\u0105 militarn\u0105 w celu obrony strategicznych pozycji. Rycerze z legendy kieruj\u0105 si\u0119 jednak innymi zasadami: etyk\u0105 i godno\u015bci\u0105.<\/em><\/p>\n\n\n\n<p>Czy wszystkie cnoty i warto\u015bci rycerskie rzeczywi\u015bcie nale\u017c\u0105 ju\u017c wy\u0142\u0105cznie do przesz\u0142o\u015bci? Cykl Magdaleny Abakanowicz otwiera szerokie pole do dyskusji, pokazuj\u0105c rycerzy bez broni i zbroi \u2013 otwartych na \u015bwiat i wsp\u00f3\u0142czesnych ludzi.<\/p>\n","protected":false},"excerpt":{"rendered":"<p>Tw\u00f3rczo\u015b\u0107 Magdaleny Abakanowicz g\u0142\u00f3wnie kojarzy si\u0119 z olbrzymimi, tekstylnymi kompozycjami, zwanymi od jej nazwiska abakanami. To jednak nie jedyny typ rze\u017ab, kt\u00f3re powsta\u0142y w jej pracowni. Artystka stworzy\u0142a r\u00f3wnie\u017c intryguj\u0105ce dzie\u0142a z metalu. Szczeg\u00f3lnie ciekawy pod tym wzgl\u0119dem jest cykl Rycerze kr\u00f3la Artura. Nawi\u0105zanie do legendy Opowie\u015bci arturia\u0144skie rozpala\u0142y wyobra\u017anie ludzi ju\u017c od czas\u00f3w \u015bredniowiecza&#8230;.<\/p>\n","protected":false},"author":5,"featured_media":3990,"comment_status":"open","ping_status":"open","sticky":false,"template":"","format":"standard","meta":{"footnotes":""},"categories":[13,11],"tags":[1517,1518,183,322],"_links":{"self":[{"href":"https:\/\/www.touchofart.eu\/blog\/wp-json\/wp\/v2\/posts\/3989"}],"collection":[{"href":"https:\/\/www.touchofart.eu\/blog\/wp-json\/wp\/v2\/posts"}],"about":[{"href":"https:\/\/www.touchofart.eu\/blog\/wp-json\/wp\/v2\/types\/post"}],"author":[{"embeddable":true,"href":"https:\/\/www.touchofart.eu\/blog\/wp-json\/wp\/v2\/users\/5"}],"replies":[{"embeddable":true,"href":"https:\/\/www.touchofart.eu\/blog\/wp-json\/wp\/v2\/comments?post=3989"}],"version-history":[{"count":1,"href":"https:\/\/www.touchofart.eu\/blog\/wp-json\/wp\/v2\/posts\/3989\/revisions"}],"predecessor-version":[{"id":3991,"href":"https:\/\/www.touchofart.eu\/blog\/wp-json\/wp\/v2\/posts\/3989\/revisions\/3991"}],"wp:featuredmedia":[{"embeddable":true,"href":"https:\/\/www.touchofart.eu\/blog\/wp-json\/wp\/v2\/media\/3990"}],"wp:attachment":[{"href":"https:\/\/www.touchofart.eu\/blog\/wp-json\/wp\/v2\/media?parent=3989"}],"wp:term":[{"taxonomy":"category","embeddable":true,"href":"https:\/\/www.touchofart.eu\/blog\/wp-json\/wp\/v2\/categories?post=3989"},{"taxonomy":"post_tag","embeddable":true,"href":"https:\/\/www.touchofart.eu\/blog\/wp-json\/wp\/v2\/tags?post=3989"}],"curies":[{"name":"wp","href":"https:\/\/api.w.org\/{rel}","templated":true}]}}