{"id":3982,"date":"2020-08-09T20:45:40","date_gmt":"2020-08-09T18:45:40","guid":{"rendered":"http:\/\/www.touchofart.eu\/blog\/?p=3982"},"modified":"2020-08-09T20:45:40","modified_gmt":"2020-08-09T18:45:40","slug":"tamara-lempicka-symbol-niezaleznosci-w-malarstwie","status":"publish","type":"post","link":"https:\/\/www.touchofart.eu\/blog\/tamara-lempicka-symbol-niezaleznosci-w-malarstwie\/","title":{"rendered":"Tamara Lempicka &#8211; symbol  niezale\u017cno\u015bci w malarstwie"},"content":{"rendered":"\n<p><strong>Tamara Lempicka nale\u017cy do \u015bwiatowej czo\u0142\u00f3wki artyst\u00f3w. Jej prace regularnie bij\u0105 rekordy sprzeda\u017cowe na aukcjach, a obrazy znajduj\u0105 si\u0119 w kolekcjach takich s\u0142aw, jak Madonna, Jack Nicholson czy Barbra Streisand.<\/strong><\/p>\n\n\n\n<figure class=\"wp-block-image size-large\"><img loading=\"lazy\" decoding=\"async\" width=\"712\" height=\"1024\" src=\"https:\/\/www.touchofart.eu\/blog\/wp-content\/uploads\/2020\/08\/Reprodukcja_Tamara_Lempicka_w_zielonym_Bugatti_msobi73_172121-712x1024.jpg\" alt=\"kopia obrazu Autoportret w zielonym Bugatti\" class=\"wp-image-3983\" srcset=\"https:\/\/www.touchofart.eu\/blog\/wp-content\/uploads\/2020\/08\/Reprodukcja_Tamara_Lempicka_w_zielonym_Bugatti_msobi73_172121-712x1024.jpg 712w, https:\/\/www.touchofart.eu\/blog\/wp-content\/uploads\/2020\/08\/Reprodukcja_Tamara_Lempicka_w_zielonym_Bugatti_msobi73_172121-209x300.jpg 209w, https:\/\/www.touchofart.eu\/blog\/wp-content\/uploads\/2020\/08\/Reprodukcja_Tamara_Lempicka_w_zielonym_Bugatti_msobi73_172121-768x1105.jpg 768w, https:\/\/www.touchofart.eu\/blog\/wp-content\/uploads\/2020\/08\/Reprodukcja_Tamara_Lempicka_w_zielonym_Bugatti_msobi73_172121-1068x1536.jpg 1068w, https:\/\/www.touchofart.eu\/blog\/wp-content\/uploads\/2020\/08\/Reprodukcja_Tamara_Lempicka_w_zielonym_Bugatti_msobi73_172121-1424x2048.jpg 1424w, https:\/\/www.touchofart.eu\/blog\/wp-content\/uploads\/2020\/08\/Reprodukcja_Tamara_Lempicka_w_zielonym_Bugatti_msobi73_172121-scaled.jpg 1779w\" sizes=\"(max-width: 712px) 100vw, 712px\" \/><figcaption><em>Tamara Lempicka w zielonym Bugatti, <\/em>kopia<\/figcaption><\/figure>\n\n\n\n<p>Artystka znacz\u0105c\u0105 cz\u0119\u015b\u0107 swojego \u017cycia sp\u0119dzi\u0142a w Stanach Zjednoczonych, jednak\u017ce jej artystyczne korzenie si\u0119gaj\u0105 Europy i&#8230; Polski. Od dziecka obraca\u0142a si\u0119 w kr\u0119gu elit towarzyskich i kulturowych, najpierw Warszawy, p\u00f3\u017aniej Pary\u017ca, a p\u00f3\u017aniej w Ameryce, mi\u0119dzy innymi Nowego Jorku oraz Houston.<\/p>\n\n\n\n<p>Wielka dama sztuki i ikona stylu r\u00f3wnocze\u015bnie by\u0142a uznawana przez wsp\u00f3\u0142czesnych za gorszycielk\u0119 i skandalistk\u0119, kt\u00f3rej biografia fascynuje do dzi\u015b, a sztuka pozostaje uniwersalna i ponadczasowa.<\/p>\n\n\n\n<h2 class=\"wp-block-heading\">Czerpanie z przesz\u0142o\u015bci i niezale\u017cno\u015b\u0107<\/h2>\n\n\n\n<p>Obrazy Tamary Lempickiej mocno nawi\u0105zuj\u0105 do form wypracowanych przez malarstwo renesansowe. Artystka klasycyzuje, idealizuje, przenosz\u0105c jednak koncepcje dawnych mistrz\u00f3w do reali\u00f3w szalonych lat 20. \u0141\u0105czy je z elementami kubizmu i futuryzmu, kt\u00f3re sta\u0142 si\u0119 w\u00f3wczas jednymi z najwa\u017cniejszych nurt\u00f3w sztuki.<\/p>\n\n\n\n<p>Mimo odniesie\u0144 formalnych malarstwo artystki by\u0142o w pe\u0142ni indywidualne i w\u0142asne. Jak sama powiedzia\u0142a do c\u00f3rki, kt\u00f3ra sta\u0142a si\u0119 jej najlepsz\u0105 biografk\u0105: <em>By\u0142am pierwsz\u0105 kobiet\u0105, kt\u00f3ra uprawia\u0142a czyste malarstwo i to by\u0142o podstaw\u0105 mojego sukcesu. Spo\u015br\u00f3d setek p\u0142\u00f3cien moje by\u0142y zawsze rozpoznawalne. (\u2026) Moim celem nigdy nie by\u0142o kopiowanie, ale tworzenie nowego stylu, jasnych, \u015bwietlistych kolor\u00f3w oraz odkrywanie elegancji moich modeli.<\/em><\/p>\n\n\n\n<p>Tak te\u017c si\u0119 sta\u0142o, a jej p\u0142\u00f3tna obecnie rok rocznie bij\u0105 rekordy, sprawiaj\u0105c, \u017ce Tamara Lempicka 40 lat po \u015bmierci wci\u0105\u017c pozostaje jedn\u0105 z najwa\u017cniejszych malarek wszech czas\u00f3w.<\/p>\n\n\n\n<h2 class=\"wp-block-heading\">Kobiecy symbol wolno\u015bci<\/h2>\n\n\n\n<p>Tamara Lempicka tworzy\u0142a i \u017cy\u0142a po swojemu, dla wielu staj\u0105c si\u0119 symbolem wolno\u015bci. Jej najbardziej sztandarowym obrazem jest <em>Autoportret w zielonym Bugatti<\/em>, na kt\u00f3rym pewna siebie artystka siedzi za kierownic\u0105 pojazdu i patrzy prosto w oczy widza, spojrzeniem, w kt\u00f3rym wida\u0107 dum\u0119, pewno\u015b\u0107 siebie i \u015bwiadomo\u015b\u0107 swojej si\u0142y.<\/p>\n\n\n\n<p>Obraz ten zosta\u0142 wykorzystany w 1929 roku na ok\u0142adce niemieckiego czasopisma <em>Die Dame<\/em> , kt\u00f3re okre\u015bli\u0142o ten ikoniczny obraz dla \u015bwiatowego art d\u00e9co, jako <em>manifestacj\u0119 kobiecego wyzwolenia.<\/em><\/p>\n\n\n\n<h2 class=\"wp-block-heading\">Malarstwo Tamary Lempickiej \u2013 ponadczasowe, uniwersalne i pi\u0119kne<\/h2>\n\n\n\n<p>Malarstwo Tamary Lempickiej wci\u0105\u017c pobudza wyobra\u017ani\u0119 i zdobywa nowe rzesze mi\u0142o\u015bnik\u00f3w. Jego si\u0142a tkwi w harmonijnym wykorzystaniu tego, co by\u0142o oraz przetworzeniu znanych element\u00f3w w zupe\u0142nie now\u0105 jako\u015b\u0107, o wr\u0119cz magnetycznej sile.<\/p>\n\n\n\n<p>Artystka by\u0142a wierna swojej wizji \u015bwiata, przedstawiaj\u0105c go w nieco wyidealizowanej formie, zawsze jednak opowiadaj\u0105c o prawdziwych emocjach i tym, co gra w duszy nie tylko artyst\u00f3w.<\/p>\n","protected":false},"excerpt":{"rendered":"<p>Tamara Lempicka nale\u017cy do \u015bwiatowej czo\u0142\u00f3wki artyst\u00f3w. Jej prace regularnie bij\u0105 rekordy sprzeda\u017cowe na aukcjach, a obrazy znajduj\u0105 si\u0119 w kolekcjach takich s\u0142aw, jak Madonna, Jack Nicholson czy Barbra Streisand. Artystka znacz\u0105c\u0105 cz\u0119\u015b\u0107 swojego \u017cycia sp\u0119dzi\u0142a w Stanach Zjednoczonych, jednak\u017ce jej artystyczne korzenie si\u0119gaj\u0105 Europy i&#8230; Polski. Od dziecka obraca\u0142a si\u0119 w kr\u0119gu elit towarzyskich&#8230;<\/p>\n","protected":false},"author":5,"featured_media":3983,"comment_status":"open","ping_status":"open","sticky":false,"template":"","format":"standard","meta":{"footnotes":""},"categories":[9,13],"tags":[1515,611,132,1503,462,341],"_links":{"self":[{"href":"https:\/\/www.touchofart.eu\/blog\/wp-json\/wp\/v2\/posts\/3982"}],"collection":[{"href":"https:\/\/www.touchofart.eu\/blog\/wp-json\/wp\/v2\/posts"}],"about":[{"href":"https:\/\/www.touchofart.eu\/blog\/wp-json\/wp\/v2\/types\/post"}],"author":[{"embeddable":true,"href":"https:\/\/www.touchofart.eu\/blog\/wp-json\/wp\/v2\/users\/5"}],"replies":[{"embeddable":true,"href":"https:\/\/www.touchofart.eu\/blog\/wp-json\/wp\/v2\/comments?post=3982"}],"version-history":[{"count":1,"href":"https:\/\/www.touchofart.eu\/blog\/wp-json\/wp\/v2\/posts\/3982\/revisions"}],"predecessor-version":[{"id":3984,"href":"https:\/\/www.touchofart.eu\/blog\/wp-json\/wp\/v2\/posts\/3982\/revisions\/3984"}],"wp:featuredmedia":[{"embeddable":true,"href":"https:\/\/www.touchofart.eu\/blog\/wp-json\/wp\/v2\/media\/3983"}],"wp:attachment":[{"href":"https:\/\/www.touchofart.eu\/blog\/wp-json\/wp\/v2\/media?parent=3982"}],"wp:term":[{"taxonomy":"category","embeddable":true,"href":"https:\/\/www.touchofart.eu\/blog\/wp-json\/wp\/v2\/categories?post=3982"},{"taxonomy":"post_tag","embeddable":true,"href":"https:\/\/www.touchofart.eu\/blog\/wp-json\/wp\/v2\/tags?post=3982"}],"curies":[{"name":"wp","href":"https:\/\/api.w.org\/{rel}","templated":true}]}}