{"id":3964,"date":"2020-06-28T14:00:36","date_gmt":"2020-06-28T12:00:36","guid":{"rendered":"http:\/\/www.touchofart.eu\/blog\/?p=3964"},"modified":"2020-06-28T14:00:36","modified_gmt":"2020-06-28T12:00:36","slug":"wlodzimierz-pawlak-w-strone-bieli","status":"publish","type":"post","link":"https:\/\/www.touchofart.eu\/blog\/wlodzimierz-pawlak-w-strone-bieli\/","title":{"rendered":"W\u0142odzimierz Pawlak &#8211; w stron\u0119 bieli"},"content":{"rendered":"\n<p>Istniej\u0105 w naszym malarstwie tw\u00f3rcy niezwykli, kt\u00f3rzy z pomoc\u0105 teoretycznie prostych \u015brodk\u00f3w, potrafi\u0105 wzbudza\u0107 emocje oraz przekazywa\u0107 rozmaite tre\u015bci.<\/p>\n\n\n\n<p>Taki w\u0142a\u015bnie jest W\u0142odzimierz Pawlak \u2013 malarz, grafik i teoretyk sztuki, kt\u00f3ry nieustannie orbituje w stron\u0119 wa\u017cnych zagadnie\u0144 artystycznych oraz politycznych, do kt\u00f3rych przedstawiania ch\u0119tnie u\u017cywa&#8230; bieli.<\/p>\n\n\n\n<h2 class=\"wp-block-heading\">Inspiracje i \u017ar\u00f3d\u0142a malarstwa<\/h2>\n\n\n\n<p>W\u0142odzimierz Pawlak to artysta nale\u017c\u0105cy do zdecydowanej czo\u0142\u00f3wki polskiego malarstwa wsp\u00f3\u0142czesnego. Wywodzi si\u0119 z warszawskiego \u015brodowiska artystycznego. Studiowa\u0142 na tamtejszej Akademii Sztuk Pi\u0119knych w pracowni Rajmunda Ziemskiego.<\/p>\n\n\n\n<p>Jeszcze w trakcie studi\u00f3w za\u0142o\u017cy\u0142 grup\u0119 artystyczn\u0105 \u201eGruppa\u201d, w kt\u00f3rej opr\u00f3cz niego znale\u017ali si\u0119 tacy tw\u00f3rcy, jak Jaros\u0142aw Modzelewski, Marek Sobczyk, Pawe\u0142 Kowalski i Ryszard Wo\u017aniak. W centrum ich zainteresowa\u0144 znalaz\u0142y si\u0119 kwestie zwi\u0105zane z proz\u0105 \u017cycia w stanie wojennym, przedstawianej na p\u0142\u00f3tnach w ostrych barwach, w stylu bliskim \u00f3wczesnym tendencjom neoekspresjonistycznym. Zdecydowane kolory W\u0142odzimierz Pawlak od zawsze jednak \u0142\u0105czy\u0142 z niby niepozorn\u0105 biel\u0105.<\/p>\n\n\n\n<h2 class=\"wp-block-heading\">Biel w tw\u00f3rczo\u015bci W\u0142odzimierza Pawlaka<\/h2>\n\n\n\n<p>Pocz\u0105tki zainteresowania biel\u0105 si\u0119gaj\u0105 czas\u00f3w studi\u00f3w, a ju\u017c na pewno jego cyklu dyplomowego, czyli <em>Prac zamalowanych<\/em>, kt\u00f3re artysta zamierza\u0142 demonstracyjne zamalowa\u0107 bia\u0142\u0105 farb\u0105 podczas obrony. P\u00f3\u017aniej pomys\u0142 ten by\u0142 kontynuowany, a artysta w jego ramach pokrywa\u0142 bia\u0142\u0105 farb\u0105 wcze\u015bniejsze kompozycje, uzyskuj\u0105c ciekawe efekty wizualne. Kompozycje przemawia\u0142y rozmaito\u015bci\u0105 i nier\u00f3wno\u015bci\u0105 odcieni oraz bogat\u0105 faktur\u0105.<\/p>\n\n\n\n<p>Biel dominuje w jego monumentalnym cyklu <em>Dziennik\u00f3w<\/em>, nad kt\u00f3rymi malarz pracuje od 1989 roku a\u017c do dnia dzisiejszego. W ich przypadku sedno kompozycji tkwi w napi\u0119ciach mi\u0119dzy nie zawsze czyst\u0105 biel\u0105 pod\u0142o\u017ca o nier\u00f3wnej fakturze a rwanym rytmem linii pionowych i poziomych namalowanych na nim.<\/p>\n\n\n\n<p>Nie mo\u017cna r\u00f3wnie\u017c zapomina\u0107 o wykorzystaniu bieli w obrazach przedstawiaj\u0105cych temat polskiej flagi narodowej, jak cho\u0107by w pracy <em>Polacy formuj\u0105 flag\u0119 narodow\u0105 <\/em>(2017), w kt\u00f3rej dochodzi do po\u0142\u0105czenia r\u00f3\u017cnych w\u0105tk\u00f3w z dotychczasowej tw\u00f3rczo\u015bci artysty.<\/p>\n\n\n\n<p><strong>Biel w przypadku dzie\u0142 W\u0142odzimierza Pawlaka przykuwa uwag\u0119, stanowi istotny element ka\u017cdej kompozycji. Nigdy nie jest jednorodna i zawsze ma wiele twarzy.<\/strong><\/p>\n\n\n\n<p>Przez to idealnie sprawdza si\u0119 w przypadku kompozycji symbolicznych, komentuj\u0105cych rzeczywisto\u015b\u0107 artystyczn\u0105 lub polityczn\u0105, kt\u00f3re od zawsze stanowi\u0142y i wci\u0105\u017c stanowi\u0105 trzon tw\u00f3rczo\u015bci tego tw\u00f3rcy.<\/p>\n\n\n\n<p>Jego biel m\u00f3wi, oddzia\u0142uje faktur\u0105 i odcieniem, budz\u0105c emocje oraz wielo\u015b\u0107 skojarze\u0144 niekoniecznie tylko malarskich.<\/p>\n","protected":false},"excerpt":{"rendered":"<p>Istniej\u0105 w naszym malarstwie tw\u00f3rcy niezwykli, kt\u00f3rzy z pomoc\u0105 teoretycznie prostych \u015brodk\u00f3w, potrafi\u0105 wzbudza\u0107 emocje oraz przekazywa\u0107 rozmaite tre\u015bci. Taki w\u0142a\u015bnie jest W\u0142odzimierz Pawlak \u2013 malarz, grafik i teoretyk sztuki, kt\u00f3ry nieustannie orbituje w stron\u0119 wa\u017cnych zagadnie\u0144 artystycznych oraz politycznych, do kt\u00f3rych przedstawiania ch\u0119tnie u\u017cywa&#8230; bieli. Inspiracje i \u017ar\u00f3d\u0142a malarstwa W\u0142odzimierz Pawlak to artysta nale\u017c\u0105cy&#8230;<\/p>\n","protected":false},"author":5,"featured_media":0,"comment_status":"open","ping_status":"open","sticky":false,"template":"","format":"standard","meta":{"footnotes":""},"categories":[13],"tags":[259,1509,163,470,1510],"_links":{"self":[{"href":"https:\/\/www.touchofart.eu\/blog\/wp-json\/wp\/v2\/posts\/3964"}],"collection":[{"href":"https:\/\/www.touchofart.eu\/blog\/wp-json\/wp\/v2\/posts"}],"about":[{"href":"https:\/\/www.touchofart.eu\/blog\/wp-json\/wp\/v2\/types\/post"}],"author":[{"embeddable":true,"href":"https:\/\/www.touchofart.eu\/blog\/wp-json\/wp\/v2\/users\/5"}],"replies":[{"embeddable":true,"href":"https:\/\/www.touchofart.eu\/blog\/wp-json\/wp\/v2\/comments?post=3964"}],"version-history":[{"count":3,"href":"https:\/\/www.touchofart.eu\/blog\/wp-json\/wp\/v2\/posts\/3964\/revisions"}],"predecessor-version":[{"id":3967,"href":"https:\/\/www.touchofart.eu\/blog\/wp-json\/wp\/v2\/posts\/3964\/revisions\/3967"}],"wp:attachment":[{"href":"https:\/\/www.touchofart.eu\/blog\/wp-json\/wp\/v2\/media?parent=3964"}],"wp:term":[{"taxonomy":"category","embeddable":true,"href":"https:\/\/www.touchofart.eu\/blog\/wp-json\/wp\/v2\/categories?post=3964"},{"taxonomy":"post_tag","embeddable":true,"href":"https:\/\/www.touchofart.eu\/blog\/wp-json\/wp\/v2\/tags?post=3964"}],"curies":[{"name":"wp","href":"https:\/\/api.w.org\/{rel}","templated":true}]}}