{"id":322,"date":"2011-12-09T15:21:56","date_gmt":"2011-12-09T13:21:56","guid":{"rendered":"http:\/\/www.touchofart.eu\/blog\/?p=322"},"modified":"2020-01-08T03:29:26","modified_gmt":"2020-01-08T01:29:26","slug":"surrealistyczny-pomysl-na-swiateczny-prezent","status":"publish","type":"post","link":"https:\/\/www.touchofart.eu\/blog\/surrealistyczny-pomysl-na-swiateczny-prezent\/","title":{"rendered":"Surrealistyczny Pomys\u0142 na \u015awi\u0105teczny Prezent"},"content":{"rendered":"<p style=\"text-align: left;\"><strong>Kalendarze 2012<\/strong><\/p>\n<p style=\"text-align: left;\">Surrealizm pe\u0142en jest magii i fantazji, zaskakuj\u0105cych i nieprzewidywalnych wizji zaczerpni\u0119tych z najg\u0142\u0119bszych zak\u0105tk\u00f3w naszej wyobra\u017ani&#8230;<\/p>\n<p style=\"text-align: left;\">Przedstawiamy Pa\u0144stwu wspania\u0142y i oryginalny pomys\u0142 na prezent:<\/p>\n<p style=\"text-align: left;\"><strong><em>Kalendarze wiod\u0105cych przedstawicieli surrealizmu!<\/em><\/strong><\/p>\n<p style=\"text-align: left;\">C\u00f3\u017c mo\u017ce by\u0107 wi\u0119ksz\u0105 niespodziank\u0105 podczas \u015bwi\u0105t, ni\u017c odrobina Magii?<\/p>\n<p style=\"text-align: center;\">&nbsp;<\/p>\n<p style=\"text-align: center;\"><a href=\"https:\/\/www.touchofart.eu\/blog\/wp-content\/uploads\/2011\/12\/Daniel-Merriam-Art-of-Dreams-Wall-Calendar.jpg\"><img loading=\"lazy\" decoding=\"async\" class=\"size-full wp-image-323\" title=\"Daniel Merriam Art of Dreams Wall Calendar\" src=\"https:\/\/www.touchofart.eu\/blog\/wp-content\/uploads\/2011\/12\/Daniel-Merriam-Art-of-Dreams-Wall-Calendar.jpg\" alt=\"\" width=\"326\" height=\"326\" srcset=\"https:\/\/www.touchofart.eu\/blog\/wp-content\/uploads\/2011\/12\/Daniel-Merriam-Art-of-Dreams-Wall-Calendar.jpg 500w, https:\/\/www.touchofart.eu\/blog\/wp-content\/uploads\/2011\/12\/Daniel-Merriam-Art-of-Dreams-Wall-Calendar-150x150.jpg 150w, https:\/\/www.touchofart.eu\/blog\/wp-content\/uploads\/2011\/12\/Daniel-Merriam-Art-of-Dreams-Wall-Calendar-300x300.jpg 300w, https:\/\/www.touchofart.eu\/blog\/wp-content\/uploads\/2011\/12\/Daniel-Merriam-Art-of-Dreams-Wall-Calendar-184x184.jpg 184w, https:\/\/www.touchofart.eu\/blog\/wp-content\/uploads\/2011\/12\/Daniel-Merriam-Art-of-Dreams-Wall-Calendar-67x67.jpg 67w, https:\/\/www.touchofart.eu\/blog\/wp-content\/uploads\/2011\/12\/Daniel-Merriam-Art-of-Dreams-Wall-Calendar-130x130.jpg 130w, https:\/\/www.touchofart.eu\/blog\/wp-content\/uploads\/2011\/12\/Daniel-Merriam-Art-of-Dreams-Wall-Calendar-40x40.jpg 40w, https:\/\/www.touchofart.eu\/blog\/wp-content\/uploads\/2011\/12\/Daniel-Merriam-Art-of-Dreams-Wall-Calendar-200x200.jpg 200w\" sizes=\"(max-width: 326px) 100vw, 326px\" \/><\/a><em> <\/em><\/p>\n<p style=\"text-align: center;\"><em>Daniel Merriam Art of Dream Wall Calendar<\/em><\/p>\n<p><em><br \/>\n<\/em><\/p>\n<p style=\"text-align: center;\"><em><a href=\"https:\/\/www.touchofart.eu\/blog\/wp-content\/uploads\/2011\/12\/Magritte-Wall-Calendars.jpg\"><img loading=\"lazy\" decoding=\"async\" class=\"size-full wp-image-326 aligncenter\" title=\"Magritte Wall Calendars\" src=\"https:\/\/www.touchofart.eu\/blog\/wp-content\/uploads\/2011\/12\/Magritte-Wall-Calendars.jpg\" alt=\"\" width=\"434\" height=\"434\" srcset=\"https:\/\/www.touchofart.eu\/blog\/wp-content\/uploads\/2011\/12\/Magritte-Wall-Calendars.jpg 500w, https:\/\/www.touchofart.eu\/blog\/wp-content\/uploads\/2011\/12\/Magritte-Wall-Calendars-150x150.jpg 150w, https:\/\/www.touchofart.eu\/blog\/wp-content\/uploads\/2011\/12\/Magritte-Wall-Calendars-300x300.jpg 300w, https:\/\/www.touchofart.eu\/blog\/wp-content\/uploads\/2011\/12\/Magritte-Wall-Calendars-184x184.jpg 184w, https:\/\/www.touchofart.eu\/blog\/wp-content\/uploads\/2011\/12\/Magritte-Wall-Calendars-67x67.jpg 67w, https:\/\/www.touchofart.eu\/blog\/wp-content\/uploads\/2011\/12\/Magritte-Wall-Calendars-130x130.jpg 130w, https:\/\/www.touchofart.eu\/blog\/wp-content\/uploads\/2011\/12\/Magritte-Wall-Calendars-40x40.jpg 40w, https:\/\/www.touchofart.eu\/blog\/wp-content\/uploads\/2011\/12\/Magritte-Wall-Calendars-200x200.jpg 200w\" sizes=\"(max-width: 434px) 100vw, 434px\" \/><\/a>Magritte Wall Calendar<\/em><\/p>\n<p style=\"text-align: center;\"><em><br \/>\n<\/em><\/p>\n<p style=\"text-align: center;\"><em><a href=\"https:\/\/www.touchofart.eu\/blog\/wp-content\/uploads\/2011\/12\/Salvador-Dalis-Surrealism-in-Art.jpg\"><img loading=\"lazy\" decoding=\"async\" class=\"size-full wp-image-331 aligncenter\" title=\"Salvador Dali's Surrealism in Art\" src=\"https:\/\/www.touchofart.eu\/blog\/wp-content\/uploads\/2011\/12\/Salvador-Dalis-Surrealism-in-Art.jpg\" alt=\"\" width=\"218\" height=\"218\" srcset=\"https:\/\/www.touchofart.eu\/blog\/wp-content\/uploads\/2011\/12\/Salvador-Dalis-Surrealism-in-Art.jpg 135w, https:\/\/www.touchofart.eu\/blog\/wp-content\/uploads\/2011\/12\/Salvador-Dalis-Surrealism-in-Art-67x67.jpg 67w, https:\/\/www.touchofart.eu\/blog\/wp-content\/uploads\/2011\/12\/Salvador-Dalis-Surrealism-in-Art-130x130.jpg 130w, https:\/\/www.touchofart.eu\/blog\/wp-content\/uploads\/2011\/12\/Salvador-Dalis-Surrealism-in-Art-40x40.jpg 40w\" sizes=\"(max-width: 218px) 100vw, 218px\" \/><\/a>Salvador Dali&#8217;s Surrealism in Art<\/em><\/p>\n<p style=\"text-align: center;\">&nbsp;<\/p>\n<p style=\"text-align: center;\"><em><a href=\"https:\/\/www.touchofart.eu\/blog\/wp-content\/uploads\/2011\/12\/Thomas-Barbey-Photomontages-Wall-Calendar.jpg\"><img loading=\"lazy\" decoding=\"async\" class=\"aligncenter size-full wp-image-335\" title=\"Thomas Barbey Photomontages Wall Calendar\" src=\"https:\/\/www.touchofart.eu\/blog\/wp-content\/uploads\/2011\/12\/Thomas-Barbey-Photomontages-Wall-Calendar.jpg\" alt=\"\" width=\"460\" height=\"460\" srcset=\"https:\/\/www.touchofart.eu\/blog\/wp-content\/uploads\/2011\/12\/Thomas-Barbey-Photomontages-Wall-Calendar.jpg 500w, https:\/\/www.touchofart.eu\/blog\/wp-content\/uploads\/2011\/12\/Thomas-Barbey-Photomontages-Wall-Calendar-150x150.jpg 150w, https:\/\/www.touchofart.eu\/blog\/wp-content\/uploads\/2011\/12\/Thomas-Barbey-Photomontages-Wall-Calendar-300x300.jpg 300w, https:\/\/www.touchofart.eu\/blog\/wp-content\/uploads\/2011\/12\/Thomas-Barbey-Photomontages-Wall-Calendar-184x184.jpg 184w, https:\/\/www.touchofart.eu\/blog\/wp-content\/uploads\/2011\/12\/Thomas-Barbey-Photomontages-Wall-Calendar-67x67.jpg 67w, https:\/\/www.touchofart.eu\/blog\/wp-content\/uploads\/2011\/12\/Thomas-Barbey-Photomontages-Wall-Calendar-130x130.jpg 130w, https:\/\/www.touchofart.eu\/blog\/wp-content\/uploads\/2011\/12\/Thomas-Barbey-Photomontages-Wall-Calendar-40x40.jpg 40w, https:\/\/www.touchofart.eu\/blog\/wp-content\/uploads\/2011\/12\/Thomas-Barbey-Photomontages-Wall-Calendar-200x200.jpg 200w\" sizes=\"(max-width: 460px) 100vw, 460px\" \/><\/a>Thomas Barbey Photomontages Wall calendar<\/em><\/p>\n<p style=\"text-align: center;\">&nbsp;<\/p>\n<p style=\"text-align: center;\"><em><a href=\"https:\/\/www.touchofart.eu\/blog\/wp-content\/uploads\/2011\/12\/M.C.-Escher-Evolutions-Wall-Calendar.jpg\"><img loading=\"lazy\" decoding=\"async\" class=\"aligncenter size-full wp-image-336\" title=\"M.C. Escher Evolutions Wall Calendar\" src=\"https:\/\/www.touchofart.eu\/blog\/wp-content\/uploads\/2011\/12\/M.C.-Escher-Evolutions-Wall-Calendar.jpg\" alt=\"\" width=\"334\" height=\"362\" srcset=\"https:\/\/www.touchofart.eu\/blog\/wp-content\/uploads\/2011\/12\/M.C.-Escher-Evolutions-Wall-Calendar.jpg 462w, https:\/\/www.touchofart.eu\/blog\/wp-content\/uploads\/2011\/12\/M.C.-Escher-Evolutions-Wall-Calendar-277x300.jpg 277w\" sizes=\"(max-width: 334px) 100vw, 334px\" \/><\/a><\/em><em>M.C. Escher Evolutions Wall Calendar<\/em><\/p>\n<p style=\"text-align: center;\">&nbsp;<\/p>\n<p style=\"text-align: left;\">\u0179r\u00f3d\u0142o: squidoo.com<em> <\/em><\/p>\n","protected":false},"excerpt":{"rendered":"<p>Kalendarze 2012 Surrealizm pe\u0142en jest magii i fantazji, zaskakuj\u0105cych i nieprzewidywalnych wizji zaczerpni\u0119tych z najg\u0142\u0119bszych zak\u0105tk\u00f3w naszej wyobra\u017ani&#8230; Przedstawiamy Pa\u0144stwu wspania\u0142y i oryginalny pomys\u0142 na prezent: Kalendarze wiod\u0105cych przedstawicieli surrealizmu! C\u00f3\u017c mo\u017ce by\u0107 wi\u0119ksz\u0105 niespodziank\u0105 podczas \u015bwi\u0105t, ni\u017c odrobina Magii? &nbsp; Daniel Merriam Art of Dream Wall Calendar Magritte Wall Calendar Salvador Dali&#8217;s Surrealism in&#8230;<\/p>\n","protected":false},"author":2,"featured_media":341,"comment_status":"open","ping_status":"open","sticky":false,"template":"","format":"standard","meta":{"footnotes":""},"categories":[8],"tags":[151,148,145,149,147,70,146,152,150],"_links":{"self":[{"href":"https:\/\/www.touchofart.eu\/blog\/wp-json\/wp\/v2\/posts\/322"}],"collection":[{"href":"https:\/\/www.touchofart.eu\/blog\/wp-json\/wp\/v2\/posts"}],"about":[{"href":"https:\/\/www.touchofart.eu\/blog\/wp-json\/wp\/v2\/types\/post"}],"author":[{"embeddable":true,"href":"https:\/\/www.touchofart.eu\/blog\/wp-json\/wp\/v2\/users\/2"}],"replies":[{"embeddable":true,"href":"https:\/\/www.touchofart.eu\/blog\/wp-json\/wp\/v2\/comments?post=322"}],"version-history":[{"count":17,"href":"https:\/\/www.touchofart.eu\/blog\/wp-json\/wp\/v2\/posts\/322\/revisions"}],"predecessor-version":[{"id":2263,"href":"https:\/\/www.touchofart.eu\/blog\/wp-json\/wp\/v2\/posts\/322\/revisions\/2263"}],"wp:featuredmedia":[{"embeddable":true,"href":"https:\/\/www.touchofart.eu\/blog\/wp-json\/wp\/v2\/media\/341"}],"wp:attachment":[{"href":"https:\/\/www.touchofart.eu\/blog\/wp-json\/wp\/v2\/media?parent=322"}],"wp:term":[{"taxonomy":"category","embeddable":true,"href":"https:\/\/www.touchofart.eu\/blog\/wp-json\/wp\/v2\/categories?post=322"},{"taxonomy":"post_tag","embeddable":true,"href":"https:\/\/www.touchofart.eu\/blog\/wp-json\/wp\/v2\/tags?post=322"}],"curies":[{"name":"wp","href":"https:\/\/api.w.org\/{rel}","templated":true}]}}