{"id":2042,"date":"2019-07-09T15:53:45","date_gmt":"2019-07-09T13:53:45","guid":{"rendered":"http:\/\/www.touchofart.eu\/blog\/?p=2042"},"modified":"2020-01-08T03:02:12","modified_gmt":"2020-01-08T01:02:12","slug":"przemiany-swiatow-nie-tylko-malarskich-o-tworczosci-tomasza-alena-kopery","status":"publish","type":"post","link":"https:\/\/www.touchofart.eu\/blog\/przemiany-swiatow-nie-tylko-malarskich-o-tworczosci-tomasza-alena-kopery\/","title":{"rendered":"Przemiany \u015bwiat\u00f3w nie tylko malarskich. O tw\u00f3rczo\u015bci Tomasza Alena Kopery"},"content":{"rendered":"\n<figure class=\"wp-block-image\"><img loading=\"lazy\" decoding=\"async\" width=\"1024\" height=\"658\" src=\"https:\/\/www.touchofart.eu\/blog\/wp-content\/uploads\/2019\/07\/tomasz-alen-kopera_Spies_tal12-1024x658.jpg\" alt=\"\" class=\"wp-image-2043\" srcset=\"https:\/\/www.touchofart.eu\/blog\/wp-content\/uploads\/2019\/07\/tomasz-alen-kopera_Spies_tal12-1024x658.jpg 1024w, https:\/\/www.touchofart.eu\/blog\/wp-content\/uploads\/2019\/07\/tomasz-alen-kopera_Spies_tal12-300x193.jpg 300w, https:\/\/www.touchofart.eu\/blog\/wp-content\/uploads\/2019\/07\/tomasz-alen-kopera_Spies_tal12-768x494.jpg 768w, https:\/\/www.touchofart.eu\/blog\/wp-content\/uploads\/2019\/07\/tomasz-alen-kopera_Spies_tal12.jpg 1280w\" sizes=\"(max-width: 1024px) 100vw, 1024px\" \/><\/figure>\n\n\n\n<p>Nie ma jednego jedynie s\u0142usznego poziomu, na kt\u00f3rym mo\u017cemy postrzega\u0107 otaczaj\u0105c\u0105 nas rzeczywisto\u015b\u0107. Zazwyczaj ma ona wiele wymiar\u00f3w, wzajemnie si\u0119 przenikaj\u0105cych oraz nieustannie ods\u0142aniaj\u0105cych przed naszymi oczami, niczym kolejne warstwy sk\u00f3rki, zdejmowanej z owocu. Ich usuwanie to proces nieustannego uczenia si\u0119 i poznawania \u015bwiata.<\/p>\n\n\n\n<p>Podobnie jest ze\nsztukami plastycznymi. Gdy zaczynamy przygod\u0119 z malarstwem poznajemy najpierw\npodstawowe kszta\u0142ty i techniki, \u017ceby z ka\u017cdym kolejnym p\u0142\u00f3tnem, dostrzega\u0107 i\nczu\u0107 coraz wi\u0119cej.<\/p>\n\n\n\n<p>W przypadku\nobraz\u00f3w Tomasza Alena Kopery warstw jest naprawd\u0119 wiele. Oczywi\u015bcie, mo\u017cna\nog\u00f3lnie powiedzie\u0107 o zainteresowaniach fantastyk\u0105 w duchu surrealizmu. Mo\u017cna\nzauwa\u017cy\u0107 inspiracje dzie\u0142ami takich tw\u00f3rc\u00f3w, jak Zdzis\u0142aw Beksi\u0144ski czy HR\nGiger. A to tylko pojedyncze elementy wi\u0119kszej uk\u0142adanki.<\/p>\n\n\n\n<h2 class=\"wp-block-heading\">W \u015bwiecie \u017cywio\u0142\u00f3w<\/h2>\n\n\n\n<p>W rzeczywisto\u015bci kreowanej przez Koper\u0119, nie ma zdefiniowanego \u015bwiata wok\u00f3\u0142. S\u0105 humanoidy lub nierzeczywiste stwory zawieszone w przestrzeni. Ka\u017cdy z obiekt\u00f3w sk\u0142ada si\u0119 z \u017cywio\u0142\u00f3w \u2013 mo\u017ce to by\u0107 woda, ogie\u0144 lub powietrze. Pierwiastki przeplataj\u0105 si\u0119, tworz\u0105c przenikaj\u0105ce si\u0119 konstrukty o trudnym do okre\u015blenia pocz\u0105tku i ko\u0144cu.<\/p>\n\n\n\n<h2 class=\"wp-block-heading\">Ludzie zatrzymani pomi\u0119dzy<\/h2>\n\n\n\n<p>Postaci Tomasza\nAlena Kopery s\u0105 jakby zatrzymane w czasie i wyrwane z kontekstu. Wydaj\u0105 si\u0119 osamotnione,\na nawet je\u015bli zachodz\u0105 pomi\u0119dzy nimi interakcje, uchwycony moment zatrzymuje je\nzawsze w momencie tu\u017c przed kontaktem. W bezruchu pojawia si\u0119 wi\u0119c napi\u0119cie i\nniedopowiedzenie, pe\u0142ne rozedrganych emocji.<\/p>\n\n\n\n<h2 class=\"wp-block-heading\">Przemiany \u015bwiat\u00f3w \u2013 nie ma\njednej rzeczywisto\u015bci<\/h2>\n\n\n\n<p>Tomasz Alen Kopera niesie w sobie dziedzictwo Owidiuszowskich <em>Przemian<\/em>. Istoty o niemal ludzkich kszta\u0142tach, wy\u0142aniaj\u0105 si\u0119 lub chowaj\u0105 w konarach drzew niczym Dafne, uciekaj\u0105ca przed Apollem. Niekt\u00f3re zastygaj\u0105 w skamienia\u0142ych pozach niemal jak nieszcz\u0119\u015bliwa Niobe.<\/p>\n\n\n\n<p>Nie mo\u017cna tu m\u00f3wi\u0107 o dos\u0142ownych zapo\u017cyczeniach, a raczej o erudycji, my\u015bli i wielopoziomowym czerpaniu z dorobku kultury, z kt\u00f3rego wywodzimy si\u0119 my wszyscy, cho\u0107 nie ka\u017cdy z nas ma na niego tak wyczulone zmys\u0142y jak artysta-obserwator. <\/p>\n    ","protected":false},"excerpt":{"rendered":"<p>Nie ma jednego jedynie s\u0142usznego poziomu, na kt\u00f3rym mo\u017cemy postrzega\u0107 otaczaj\u0105c\u0105 nas rzeczywisto\u015b\u0107. Zazwyczaj ma ona wiele wymiar\u00f3w, wzajemnie si\u0119 przenikaj\u0105cych oraz nieustannie ods\u0142aniaj\u0105cych przed naszymi oczami, niczym kolejne warstwy sk\u00f3rki, zdejmowanej z owocu. Ich usuwanie to proces nieustannego uczenia si\u0119 i poznawania \u015bwiata. Podobnie jest ze sztukami plastycznymi. Gdy zaczynamy przygod\u0119 z malarstwem poznajemy&#8230;<\/p>\n","protected":false},"author":5,"featured_media":2043,"comment_status":"open","ping_status":"open","sticky":false,"template":"","format":"standard","meta":{"footnotes":""},"categories":[13,8],"tags":[1094,660,70,1106],"_links":{"self":[{"href":"https:\/\/www.touchofart.eu\/blog\/wp-json\/wp\/v2\/posts\/2042"}],"collection":[{"href":"https:\/\/www.touchofart.eu\/blog\/wp-json\/wp\/v2\/posts"}],"about":[{"href":"https:\/\/www.touchofart.eu\/blog\/wp-json\/wp\/v2\/types\/post"}],"author":[{"embeddable":true,"href":"https:\/\/www.touchofart.eu\/blog\/wp-json\/wp\/v2\/users\/5"}],"replies":[{"embeddable":true,"href":"https:\/\/www.touchofart.eu\/blog\/wp-json\/wp\/v2\/comments?post=2042"}],"version-history":[{"count":2,"href":"https:\/\/www.touchofart.eu\/blog\/wp-json\/wp\/v2\/posts\/2042\/revisions"}],"predecessor-version":[{"id":2114,"href":"https:\/\/www.touchofart.eu\/blog\/wp-json\/wp\/v2\/posts\/2042\/revisions\/2114"}],"wp:featuredmedia":[{"embeddable":true,"href":"https:\/\/www.touchofart.eu\/blog\/wp-json\/wp\/v2\/media\/2043"}],"wp:attachment":[{"href":"https:\/\/www.touchofart.eu\/blog\/wp-json\/wp\/v2\/media?parent=2042"}],"wp:term":[{"taxonomy":"category","embeddable":true,"href":"https:\/\/www.touchofart.eu\/blog\/wp-json\/wp\/v2\/categories?post=2042"},{"taxonomy":"post_tag","embeddable":true,"href":"https:\/\/www.touchofart.eu\/blog\/wp-json\/wp\/v2\/tags?post=2042"}],"curies":[{"name":"wp","href":"https:\/\/api.w.org\/{rel}","templated":true}]}}