{"id":1994,"date":"2019-05-18T12:16:56","date_gmt":"2019-05-18T10:16:56","guid":{"rendered":"http:\/\/www.touchofart.eu\/blog\/?p=1994"},"modified":"2020-01-08T03:03:44","modified_gmt":"2020-01-08T01:03:44","slug":"polski-plakat-w-dobrych-rekach-prace-rafala-olbinskiego","status":"publish","type":"post","link":"https:\/\/www.touchofart.eu\/blog\/polski-plakat-w-dobrych-rekach-prace-rafala-olbinskiego\/","title":{"rendered":"Polski plakat w dobrych r\u0119kach &#8211; prace Rafa\u0142a Olbi\u0144skiego"},"content":{"rendered":"\n<figure class=\"wp-block-image\"><img loading=\"lazy\" decoding=\"async\" width=\"620\" height=\"835\" src=\"https:\/\/www.touchofart.eu\/blog\/wp-content\/uploads\/2019\/05\/Olbinski_Defence_against_banality.jpg\" alt=\"Rafa\u0142 Olbi\u0144ski - wystawa plakatu\" class=\"wp-image-1995\" srcset=\"https:\/\/www.touchofart.eu\/blog\/wp-content\/uploads\/2019\/05\/Olbinski_Defence_against_banality.jpg 620w, https:\/\/www.touchofart.eu\/blog\/wp-content\/uploads\/2019\/05\/Olbinski_Defence_against_banality-223x300.jpg 223w\" sizes=\"(max-width: 620px) 100vw, 620px\" \/><figcaption>Rafa\u0142 Olbi\u0144ski &#8222;Defence against banality&#8221;<\/figcaption><\/figure>\n\n\n\n<p>Ju\u017c\nMiko\u0142aj Rej twierdzi\u0142, \u017ce <em>Polacy nie g\u0119si i sw\u00f3j j\u0119zyk maj\u0105<\/em>.\nWsp\u00f3\u0142czesna sztuka jest tego \u015bwietnym przyk\u0142adem. Jedn\u0105 z\nnaszych specjalno\u015bci, docenianych od lat na ca\u0142ym \u015bwiecie, sta\u0142\nsi\u0119 plakat, w kt\u00f3rym rodzimi arty\u015bci osi\u0105gn\u0119li i wci\u0105\u017c\nosi\u0105gaj\u0105 prawdziwe mistrzostwo.<\/p>\n\n\n\n<h2 class=\"wp-block-heading\">Polska\nSzko\u0142a Plakatu \u2013 co to takiego?<\/h2>\n\n\n\n<p>Polska\nSzko\u0142a Plakatu to nie jeden, powszechnie obowi\u0105zuj\u0105cy nurt. Trudno\ndoszuka\u0107 si\u0119 w nim sp\u00f3jnej, og\u00f3lnej stylistyki czy konkretnych\ntemat\u00f3w. W tym przypadku mo\u017cemy raczej m\u00f3wi\u0107 o grupie wybitnych\nplastyk\u00f3w, kt\u00f3rzy wznie\u015bli plakat na zupe\u0142nie nowy poziom\nartystyczny, zachowuj\u0105c sw\u00f3j indywidualny i niepowtarzalny wyraz.\nDzi\u0119ki ich pracy postery filmowe, teatralne, muzyczne, polityczne i\nspo\u0142eczne zyska\u0142y dodatkowe znaczenie. Ich wsp\u00f3lnym mianownikiem\nby\u0142 pewien rodzaj prostoty i oszcz\u0119dno\u015bci w formie, intryguj\u0105cej\ntematyki i nuty subtelnej ironii.<\/p>\n\n\n\n<p>Polski\nplakat stawa\u0142 si\u0119 coraz bardziej popularny na \u015bwiecie ju\u017c od\nczas\u00f3w zaraz po zako\u0144czeniu II Wojny \u015awiatowej. W\u00f3wczas Henryk\nTomaszewski, nestor rodzimego plakatu nowoczesnego, zosta\u0142\nodznaczony na Mi\u0119dzynarodowej Wystawie Plakatu Filmowego w Wiedniu.<\/p>\n\n\n\n<p>Samo\nokre\u015blenie \u201ePolska Szko\u0142a Plakatu\u201d powsta\u0142o jeszcze w latach\n60. XX wieku. W 1966 powo\u0142ano do \u017cycia pierwsze wydarzenie na\n\u015bwiecie, cykliczne i po\u015bwi\u0119cone wy\u0142\u0105cznie tej dziedzinie sztuki,\nczyli Mi\u0119dzynarodowe Biennale Plakatu. Podczas pierwszej edycji\nz\u0142otym medalem zosta\u0142 odznaczony Jan Lenica, autor posteru do opery\n<em>Wozzeck<\/em> Albana Berga.<\/p>\n\n\n\n<p>Polscy\ntw\u00f3rcy w latach 60. i na pocz\u0105tku lat 70. osi\u0105gali olbrzymie\nsukcesy, staj\u0105c si\u0119 autorami dzie\u0142 szeroko komentowanych w r\u00f3\u017cnych\nzak\u0105tkach \u015bwiata. Do najwybitniejszych, polskich plakacist\u00f3w\nnale\u017c\u0105 wspomniany ju\u017c Henryk Tomaszewski, J\u00f3zef Mroszczak, Jan\nLenica, Jan M\u0142odo\u017ceniec, Franciszek Starowieyski, Waldemar \u015awierzy\noraz wielu innych.<\/p>\n\n\n\n<p>Rodzimi\nplakaci\u015bci s\u0105 doceniani przez ludzi z r\u00f3\u017cnych cz\u0119\u015bci globu. Z\nwielk\u0105 atencj\u0105 i uznaniem wypowiada si\u0119 o ich dorobku mi\u0119dzy\ninnymi \u015bwiatowej s\u0142awy re\u017cyser Martin Scorsese, kt\u00f3ry w wywiadzie\nudzielonym dla \u201eThe Guardian\u201d stwierdzi\u0142, \u017ce polskie plakaty na\npierwszy rzut oka mo\u017ce nie s\u0105 oczywiste, zw\u0142aszcza dla\nobcokrajowca, jednak pozostaj\u0105 w \u015bcis\u0142ym zwi\u0105zku z filmem, na\npotrzeby kt\u00f3rego powsta\u0142y, cz\u0119sto ods\u0142aniaj\u0105c zasadnicze jego\nsedno.<\/p>\n\n\n\n<h2 class=\"wp-block-heading\">Narodziny nowego \u2013 plakat wsp\u00f3\u0142czesny\nautorstwa Rafa\u0142a Olbi\u0144skiego<\/h2>\n\n\n\n<p>Lata\n70. i 80. przynios\u0142y zmiany. Polski plakat wci\u0105\u017c jednak utrzyma\u0142\nwysoki poziom, dzi\u0119ki nowemu pokoleniu tw\u00f3rc\u00f3w, aktywnych w du\u017cej\ncz\u0119\u015bci do dnia dzisiejszego.<\/p>\n\n\n\n<p>Rafa\u0142\nOlbi\u0144ski jest bez w\u0105tpienia artyst\u0105, kt\u00f3ry umiej\u0119tnie po\u0142\u0105czy\u0142\nczasy najwi\u0119kszej \u015bwietno\u015bci plakatu ze wsp\u00f3\u0142czesno\u015bci\u0105,\nstaj\u0105c si\u0119 godnym nast\u0119pc\u0105 dawnych, powojennych mistrz\u00f3w. Jego\ndzie\u0142a opowiadaj\u0105 niezale\u017cne historie, si\u0119gaj\u0105c do tego, co\nnajlepsze w pracach z lat 60. \u2013 do alegoryczno\u015bci, poczucia\nhumory, ironii, \u0142\u0105cz\u0105c je z indywidualnym i nowoczesnym stylem\nartysty, kt\u00f3ry wywodzi si\u0119 z czysto surrealistycznych korzeni.<\/p>\n\n\n\n<p>Ka\u017cda\nz kompozycji jest zaskakuj\u0105ca \u2013 przykuwa uwag\u0119 i zmusza do chwili\nzastanowienia. Nic nie jest w niej podane wprost. Poszczeg\u00f3lne\nkszta\u0142ty \u0142\u0105cz\u0105 si\u0119 w oniryczne historie, z lekk\u0105 nut\u0105\nerotyzmu. Mo\u017cna je odczytywa\u0107 jako uzupe\u0142nienie do wydarze\u0144 i\nzjawisk, z my\u015bl\u0105 o kt\u00f3rych powsta\u0142y, ale tak\u017ce jako indywidualn\u0105\npodr\u00f3\u017c w g\u0142\u0105b ludzkiej emocjonalno\u015bci i wra\u017cliwo\u015bci. Niekiedy\nplakaty nawi\u0105zuj\u0105 te\u017c do znanych dzie\u0142 sztuki (jak w przypadku\nMona Lisy), przetwarzaj\u0105c je i reinterpretuj\u0105c, dzi\u0119ki czemu\npowstaj\u0105 zupe\u0142nie nowe konteksty i znaczenia.<\/p>\n\n\n\n<p>Artysta\ntworzy zar\u00f3wno plakaty dla spektakli, koncert\u00f3w lub wystaw, jak i\nkomentuje aktualne wydarzenia spo\u0142eczne. Otrzyma\u0142 za swoje dzie\u0142a\nliczne, presti\u017cowe nagrody, m.in. Prix Savignac w Pary\u017cu, nagrod\u0119\nSociety of Illustrators w Nowym Jorku).<\/p>\n\n\n\n<p>Jego\ndorobek artystyczny w tej dziedzinie jest nieustannie doceniany i\nprezentowany na licznych ekspozycjach \u2013 od Nowego Jorku, po Berlin\nczy Koloni\u0119. Do pocz\u0105tk\u00f3w czerwca jego prace mo\u017cna r\u00f3wnie\u017c\nzobaczy\u0107 w Polsce. Tw\u00f3rczo\u015b\u0107 Rafa\u0142a Olbi\u0144skiego pokazano bowiem\nw krakowskim Pa\u0142acu Sztuki. Wystawa pozwala zanurzy\u0107 si\u0119 w\nmagicznym \u015bwiecie wra\u017cliwo\u015bci, emocji i wielu poziom\u00f3w tre\u015bci,\nkt\u00f3re pozostaj\u0105 w cz\u0142owieku na d\u0142ugi czas, sprawiaj\u0105c, \u017ce\nplakat staje si\u0119 dziedzin\u0105 sztuki w pe\u0142ni niezale\u017cn\u0105 od swoich\nliterackich, filmowych i muzycznych pierwowzor\u00f3w.<\/p>\n    ","protected":false},"excerpt":{"rendered":"<p>Ju\u017c Miko\u0142aj Rej twierdzi\u0142, \u017ce Polacy nie g\u0119si i sw\u00f3j j\u0119zyk maj\u0105. Wsp\u00f3\u0142czesna sztuka jest tego \u015bwietnym przyk\u0142adem. Jedn\u0105 z naszych specjalno\u015bci, docenianych od lat na ca\u0142ym \u015bwiecie, sta\u0142 si\u0119 plakat, w kt\u00f3rym rodzimi arty\u015bci osi\u0105gn\u0119li i wci\u0105\u017c osi\u0105gaj\u0105 prawdziwe mistrzostwo.<\/p>\n","protected":false},"author":5,"featured_media":1995,"comment_status":"open","ping_status":"open","sticky":false,"template":"","format":"standard","meta":{"footnotes":""},"categories":[8,6,12],"tags":[1172,1135,1132],"_links":{"self":[{"href":"https:\/\/www.touchofart.eu\/blog\/wp-json\/wp\/v2\/posts\/1994"}],"collection":[{"href":"https:\/\/www.touchofart.eu\/blog\/wp-json\/wp\/v2\/posts"}],"about":[{"href":"https:\/\/www.touchofart.eu\/blog\/wp-json\/wp\/v2\/types\/post"}],"author":[{"embeddable":true,"href":"https:\/\/www.touchofart.eu\/blog\/wp-json\/wp\/v2\/users\/5"}],"replies":[{"embeddable":true,"href":"https:\/\/www.touchofart.eu\/blog\/wp-json\/wp\/v2\/comments?post=1994"}],"version-history":[{"count":3,"href":"https:\/\/www.touchofart.eu\/blog\/wp-json\/wp\/v2\/posts\/1994\/revisions"}],"predecessor-version":[{"id":2123,"href":"https:\/\/www.touchofart.eu\/blog\/wp-json\/wp\/v2\/posts\/1994\/revisions\/2123"}],"wp:featuredmedia":[{"embeddable":true,"href":"https:\/\/www.touchofart.eu\/blog\/wp-json\/wp\/v2\/media\/1995"}],"wp:attachment":[{"href":"https:\/\/www.touchofart.eu\/blog\/wp-json\/wp\/v2\/media?parent=1994"}],"wp:term":[{"taxonomy":"category","embeddable":true,"href":"https:\/\/www.touchofart.eu\/blog\/wp-json\/wp\/v2\/categories?post=1994"},{"taxonomy":"post_tag","embeddable":true,"href":"https:\/\/www.touchofart.eu\/blog\/wp-json\/wp\/v2\/tags?post=1994"}],"curies":[{"name":"wp","href":"https:\/\/api.w.org\/{rel}","templated":true}]}}