{"id":193,"date":"2011-08-18T15:56:21","date_gmt":"2011-08-18T13:56:21","guid":{"rendered":"http:\/\/www.touchofart.eu\/blog\/?p=193"},"modified":"2020-01-08T03:30:18","modified_gmt":"2020-01-08T01:30:18","slug":"kalendarz-z-obrazami-jaroslawa-jasnikowskiego-na-rok-2012","status":"publish","type":"post","link":"https:\/\/www.touchofart.eu\/blog\/kalendarz-z-obrazami-jaroslawa-jasnikowskiego-na-rok-2012\/","title":{"rendered":"Kalendarz z Obrazami Jaros\u0142awa Ja\u015bnikowskiego na rok 2012"},"content":{"rendered":"<p>Nak\u0142adem najwi\u0119kszego w Polsce wydawcy kalendarzy &#8211; Wydawnictwa Lucrum &#8211; w sierpniu tego roku<br \/>\nukaza\u0142 si\u0119 kalendarz z Pracami Jaros\u0142awa Ja\u015bnikowskiego na 2012 rok.<\/p>\n<p><a href=\"https:\/\/www.touchofart.eu\/blog\/wp-content\/uploads\/2011\/08\/Lucrum.jpg\"><img loading=\"lazy\" decoding=\"async\" class=\"alignnone size-full wp-image-194\" title=\"Kalendarz Jaros\u0142aw Ja\u015bnikowski\" src=\"https:\/\/www.touchofart.eu\/blog\/wp-content\/uploads\/2011\/08\/Lucrum.jpg\" alt=\"\" width=\"800\" height=\"694\" srcset=\"https:\/\/www.touchofart.eu\/blog\/wp-content\/uploads\/2011\/08\/Lucrum.jpg 800w, https:\/\/www.touchofart.eu\/blog\/wp-content\/uploads\/2011\/08\/Lucrum-300x260.jpg 300w\" sizes=\"(max-width: 800px) 100vw, 800px\" \/><\/a><\/p>\n<p>Kalendarze zosta\u0142 wydany w formacie A3 i zawiera 13 Stron<br \/>\nTo wyr\u00f3\u017cnienie dodatkowo spopularyzuje Prace Artysty w\u015br\u00f3d kolekcjoner\u00f3w i os\u00f3b zainteresowanych malarstwem surrealistycznym.<br \/>\n\u017ar\u00f3d\u0142o : lucrum.pl\/kalendarze-reklamowe-malarskie\/surrealizm.html    <\/p>\n","protected":false},"excerpt":{"rendered":"<p>Nak\u0142adem najwi\u0119kszego w Polsce wydawcy kalendarzy &#8211; Wydawnictwa Lucrum &#8211; w sierpniu tego roku ukaza\u0142 si\u0119 kalendarz z Pracami Jaros\u0142awa Ja\u015bnikowskiego na 2012 rok. Kalendarze zosta\u0142 wydany w formacie A3 i zawiera 13 Stron To wyr\u00f3\u017cnienie dodatkowo spopularyzuje Prace Artysty w\u015br\u00f3d kolekcjoner\u00f3w i os\u00f3b zainteresowanych malarstwem surrealistycznym. \u017ar\u00f3d\u0142o : lucrum.pl\/kalendarze-reklamowe-malarskie\/surrealizm.html<\/p>\n","protected":false},"author":1,"featured_media":194,"comment_status":"open","ping_status":"open","sticky":false,"template":"","format":"standard","meta":{"footnotes":""},"categories":[8],"tags":[118,119,120,121],"_links":{"self":[{"href":"https:\/\/www.touchofart.eu\/blog\/wp-json\/wp\/v2\/posts\/193"}],"collection":[{"href":"https:\/\/www.touchofart.eu\/blog\/wp-json\/wp\/v2\/posts"}],"about":[{"href":"https:\/\/www.touchofart.eu\/blog\/wp-json\/wp\/v2\/types\/post"}],"author":[{"embeddable":true,"href":"https:\/\/www.touchofart.eu\/blog\/wp-json\/wp\/v2\/users\/1"}],"replies":[{"embeddable":true,"href":"https:\/\/www.touchofart.eu\/blog\/wp-json\/wp\/v2\/comments?post=193"}],"version-history":[{"count":3,"href":"https:\/\/www.touchofart.eu\/blog\/wp-json\/wp\/v2\/posts\/193\/revisions"}],"predecessor-version":[{"id":2268,"href":"https:\/\/www.touchofart.eu\/blog\/wp-json\/wp\/v2\/posts\/193\/revisions\/2268"}],"wp:featuredmedia":[{"embeddable":true,"href":"https:\/\/www.touchofart.eu\/blog\/wp-json\/wp\/v2\/media\/194"}],"wp:attachment":[{"href":"https:\/\/www.touchofart.eu\/blog\/wp-json\/wp\/v2\/media?parent=193"}],"wp:term":[{"taxonomy":"category","embeddable":true,"href":"https:\/\/www.touchofart.eu\/blog\/wp-json\/wp\/v2\/categories?post=193"},{"taxonomy":"post_tag","embeddable":true,"href":"https:\/\/www.touchofart.eu\/blog\/wp-json\/wp\/v2\/tags?post=193"}],"curies":[{"name":"wp","href":"https:\/\/api.w.org\/{rel}","templated":true}]}}