{"id":1669,"date":"2014-05-05T17:33:52","date_gmt":"2014-05-05T15:33:52","guid":{"rendered":"http:\/\/www.touchofart.eu\/blog\/?p=1669"},"modified":"2020-01-08T03:10:45","modified_gmt":"2020-01-08T01:10:45","slug":"artmonaco14","status":"publish","type":"post","link":"https:\/\/www.touchofart.eu\/blog\/artmonaco14\/","title":{"rendered":"ArtMonaco14"},"content":{"rendered":"<p>\u201e<strong>Niekt\u00f3rzy s\u0105dz\u0105, \u017ce luksus jest przeciwie\u0144stwem biedy. Ot\u00f3\u017c \u2013 nie jest. Luksus jest przeciwie\u0144stwem bylejako\u015bci\u201d<\/strong><strong> <\/strong><strong>(Coco Channel)<\/strong><\/p>\n<p><strong>O trafno\u015bci tego stwierdzenia przekonali\u015bmy si\u0119 na targach sztuki Art Monaco 2014, w kt\u00f3rych brali\u015bmy udzia\u0142 prezentuj\u0105c obrazy Tomasza S\u0119towskiego i tym samym promuj\u0105c nasz\u0105 galeri\u0119.<\/strong><\/p>\n<p>&nbsp;<\/p>\n<figure id=\"attachment_1670\" aria-describedby=\"caption-attachment-1670\" style=\"width: 575px\" class=\"wp-caption aligncenter\"><a href=\"https:\/\/www.touchofart.eu\/blog\/wp-content\/uploads\/2014\/05\/artmonaco1.jpg\"><img loading=\"lazy\" decoding=\"async\" class=\" wp-image-1670  \" alt=\"Na zdj\u0119ciu (od lewej): Mistrz - Tomasz S\u0119towski, Agata Kolasi\u0144ska (Art Manager) i Pawe\u0142 Kami\u0144ski (w\u0142a\u015bciciel galerii Touch of Art).\" src=\"https:\/\/www.touchofart.eu\/blog\/wp-content\/uploads\/2014\/05\/artmonaco1.jpg\" width=\"575\" height=\"430\" srcset=\"https:\/\/www.touchofart.eu\/blog\/wp-content\/uploads\/2014\/05\/artmonaco1.jpg 1024w, https:\/\/www.touchofart.eu\/blog\/wp-content\/uploads\/2014\/05\/artmonaco1-300x225.jpg 300w\" sizes=\"(max-width: 575px) 100vw, 575px\" \/><\/a><figcaption id=\"caption-attachment-1670\" class=\"wp-caption-text\">Na zdj\u0119ciu (od lewej): Mistrz &#8211; Tomasz S\u0119towski, Agata Kolasi\u0144ska (Art Manager) i Pawe\u0142 Kami\u0144ski (w\u0142a\u015bciciel galerii Touch of Art).<\/figcaption><\/figure>\n<p>&nbsp;<\/p>\n<p>Wszechobecny luksus sprawi\u0142, \u017ce na targi lecieli\u015bmy lekko onie\u015bmieleni. Nasza codzienno\u015b\u0107 jako galerii <em>on-line<\/em> wygl\u0105da ca\u0142kiem skromnie: jeste\u015bmy skupieni na pracy przed komputerami, a z kolekcjonerami spotykamy si\u0119 przy okazji dostarczania im zakupionych obraz\u00f3w.<\/p>\n<p>Targi by\u0142y dla nas wi\u0119c od\u015bwi\u0119tnym wydarzeniem, zw\u0142aszcza, \u017ce chcieli\u015bmy na nich zaprezentowa\u0107 obrazy wyj\u0105tkowego, wielokrotnie odznaczanego, cenionego na ca\u0142ym \u015bwiecie artysty: <a href=\"https:\/\/www.touchofart.eu\/Tomasz-Setowski\/galeria\/100\/\">Tomasza S\u0119towskiego<\/a><\/p>\n<p>Jak wypad\u0142o to spotkanie ze \u201e\u015bwiatem rzeczywistym\u201d?<\/p>\n<figure id=\"attachment_1671\" aria-describedby=\"caption-attachment-1671\" style=\"width: 575px\" class=\"wp-caption aligncenter\"><a href=\"https:\/\/www.touchofart.eu\/blog\/wp-content\/uploads\/2014\/05\/artmonaco2.jpg\"><img loading=\"lazy\" decoding=\"async\" class=\" wp-image-1671 \" alt=\"Od lewej: Pawe\u0142 Kami\u0144ski, w\u0142a\u015bciciel Touch of Art, i Johnessco Rodriguez z firmy Opus Eventi, kt\u00f3ra co roku organizuje targi w Monaco, przed wej\u015bciem do s\u0142ynnego Grimaldi Forum.\" src=\"https:\/\/www.touchofart.eu\/blog\/wp-content\/uploads\/2014\/05\/artmonaco2.jpg\" width=\"575\" height=\"383\" srcset=\"https:\/\/www.touchofart.eu\/blog\/wp-content\/uploads\/2014\/05\/artmonaco2.jpg 1024w, https:\/\/www.touchofart.eu\/blog\/wp-content\/uploads\/2014\/05\/artmonaco2-300x200.jpg 300w, https:\/\/www.touchofart.eu\/blog\/wp-content\/uploads\/2014\/05\/artmonaco2-140x94.jpg 140w\" sizes=\"(max-width: 575px) 100vw, 575px\" \/><\/a><figcaption id=\"caption-attachment-1671\" class=\"wp-caption-text\">Od lewej: Pawe\u0142 Kami\u0144ski, w\u0142a\u015bciciel Touch of Art, i Johnessco Rodriguez z firmy Opus Eventi, kt\u00f3ra co roku organizuje targi w Monaco, przed wej\u015bciem do s\u0142ynnego Grimaldi Forum.<\/figcaption><\/figure>\n<p>&nbsp;<\/p>\n<p><strong>Pawe\u0142 Kami\u0144ski, w\u0142a\u015bciciel Touch of Art<\/strong>: Apetyt na udzia\u0142 w targach sztuki mia\u0142em ju\u017c od dawna, a poniewa\u017c lubi\u0119 du\u017ce wyzwania, postawi\u0142em w\u0142a\u015bnie na Monaco. Pierwszy raz odwiedzi\u0142em Monaco cztery lata temu, kiedy z \u017bon\u0105 i roczn\u0105 w\u00f3wczas c\u00f3reczk\u0105 wracali\u015bmy z camperowej wyprawy na Sardyni\u0119. Ju\u017c wtedy \u2013 zaczarowany atmosfer\u0105 Monaco \u2013 podj\u0105\u0142em w duchu decyzj\u0119, \u017ce chc\u0119 tu jeszcze wr\u00f3ci\u0107 i pokaza\u0107 dobre polskie malarstwo, z kt\u00f3rego czuj\u0119 si\u0119 dumny. Wtedy jednak moja firma by\u0142a w fazie startowej: intensywnie pracowali\u015bmy nad rozwojem portalu i budow\u0105 silnej marki.<\/p>\n<p>&nbsp;<\/p>\n<figure id=\"attachment_1672\" aria-describedby=\"caption-attachment-1672\" style=\"width: 575px\" class=\"wp-caption aligncenter\"><a href=\"https:\/\/www.touchofart.eu\/blog\/wp-content\/uploads\/2014\/05\/artmonaco3.jpg\"><img loading=\"lazy\" decoding=\"async\" class=\" wp-image-1672 \" alt=\"Stoisko galerii Touch of Art na targach sztuki Art Monaco 2014.   \" src=\"https:\/\/www.touchofart.eu\/blog\/wp-content\/uploads\/2014\/05\/artmonaco3.jpg\" width=\"575\" height=\"384\" srcset=\"https:\/\/www.touchofart.eu\/blog\/wp-content\/uploads\/2014\/05\/artmonaco3.jpg 1024w, https:\/\/www.touchofart.eu\/blog\/wp-content\/uploads\/2014\/05\/artmonaco3-300x200.jpg 300w, https:\/\/www.touchofart.eu\/blog\/wp-content\/uploads\/2014\/05\/artmonaco3-140x94.jpg 140w\" sizes=\"(max-width: 575px) 100vw, 575px\" \/><\/a><figcaption id=\"caption-attachment-1672\" class=\"wp-caption-text\">Stoisko galerii Touch of Art na targach sztuki Art Monaco 2014.<\/figcaption><\/figure>\n<p>&nbsp;<\/p>\n<p>Decyzja o tym, \u017ce jedziemy w\u0142a\u015bnie z Tomaszem S\u0119towskim, przysz\u0142a spontanicznie i do\u015b\u0107 nieoczekiwanie. Uwielbiam ws\u0142uchiwa\u0107 si\u0119 w \u201epodszepty przypadkowo\u015bci\u201d i gdy tylko pojawi\u0142a si\u0119 okazja wr\u00f3ci\u0107 do Monaco, wiedzia\u0142em, \u017ce to w\u0142a\u015bnie ta szansa, z kt\u00f3rej chc\u0119 skorzysta\u0107. Tomka zna\u0142em ju\u017c wcze\u015bniej, ale dzi\u0119ki temu wsp\u00f3lnemu wyjazdowi mia\u0142em okazj\u0119 do\u015bwiadczy\u0107 Jego nietuzinkowej osobowo\u015bci i przekona\u0107 si\u0119, jak ciep\u0142ym i przyjaznym \u015bwiatu jest cz\u0142owiekiem.<\/p>\n<p>&nbsp;<\/p>\n<figure id=\"attachment_1673\" aria-describedby=\"caption-attachment-1673\" style=\"width: 575px\" class=\"wp-caption aligncenter\"><a href=\"https:\/\/www.touchofart.eu\/blog\/wp-content\/uploads\/2014\/05\/artmonaco4.jpg\"><img loading=\"lazy\" decoding=\"async\" class=\" wp-image-1673\" alt=\"Pawe\u0142 Kami\u0144ski (w\u0142a\u015bciciel galerii Touch of Art), Tomasz S\u0119towski, Agata Kolasi\u0144ska (Art Manager)\" src=\"https:\/\/www.touchofart.eu\/blog\/wp-content\/uploads\/2014\/05\/artmonaco4.jpg\" width=\"575\" height=\"767\" srcset=\"https:\/\/www.touchofart.eu\/blog\/wp-content\/uploads\/2014\/05\/artmonaco4.jpg 768w, https:\/\/www.touchofart.eu\/blog\/wp-content\/uploads\/2014\/05\/artmonaco4-225x300.jpg 225w\" sizes=\"(max-width: 575px) 100vw, 575px\" \/><\/a><figcaption id=\"caption-attachment-1673\" class=\"wp-caption-text\">Pawe\u0142 Kami\u0144ski (w\u0142a\u015bciciel galerii Touch of Art), Tomasz S\u0119towski, Agata Kolasi\u0144ska (Art Manager)<\/figcaption><\/figure>\n<p>&nbsp;<\/p>\n<p>Obrazy, kt\u00f3re prezentowali\u015bmy na targach, robi\u0142y niesamowit\u0105 furor\u0119. Kolekcjonerzy nie tylko je podziwiali, ale te\u017c zadawali Arty\u015bcie mn\u00f3stwo pyta\u0144 o Jego rozumienie i interpretacj\u0119. Nasze stoisko t\u0119tni\u0142o \u017cyciem.<\/p>\n<p>&nbsp;<\/p>\n<figure id=\"attachment_1674\" aria-describedby=\"caption-attachment-1674\" style=\"width: 575px\" class=\"wp-caption aligncenter\"><a href=\"https:\/\/www.touchofart.eu\/blog\/wp-content\/uploads\/2014\/05\/artmonaco5.jpg\"><img loading=\"lazy\" decoding=\"async\" class=\" wp-image-1674 \" alt=\"Stoisko Touch of Art na targach Art Monaco 2014. Jacek Jaros i Pawe\u0142 Kami\u0144ski w\u015br\u00f3d zaciekawionych kolekcjoner\u00f3w. \" src=\"https:\/\/www.touchofart.eu\/blog\/wp-content\/uploads\/2014\/05\/artmonaco5.jpg\" width=\"575\" height=\"432\" srcset=\"https:\/\/www.touchofart.eu\/blog\/wp-content\/uploads\/2014\/05\/artmonaco5.jpg 1024w, https:\/\/www.touchofart.eu\/blog\/wp-content\/uploads\/2014\/05\/artmonaco5-300x225.jpg 300w\" sizes=\"(max-width: 575px) 100vw, 575px\" \/><\/a><figcaption id=\"caption-attachment-1674\" class=\"wp-caption-text\">Stoisko Touch of Art na targach Art Monaco 2014. Jacek Jaros i Pawe\u0142 Kami\u0144ski w\u015br\u00f3d zaciekawionych kolekcjoner\u00f3w.<\/figcaption><\/figure>\n<p>&nbsp;<\/p>\n<p>Spotkania z kolekcjonerami z ca\u0142ego \u015bwiata zaowocowa\u0142y oczywi\u015bcie nie tylko inspiruj\u0105cymi rozmowami. Najwa\u017cniejsz\u0105 z transakcji by\u0142a sprzeda\u017c Obrazu \u201eWy\u015bcig do przysz\u0142o\u015bci\u201d do kolekcji Ksi\u0119\u017cniczki Camilli di Borbone delle Due Sicilie, Duchessa di Castro. Wi\u0119cej informacji na temat rodziny kr\u00f3lewskiej mo\u017cna znale\u017a\u0107 na: <a href=\"http:\/\/www.realcasadiborbone.it\/en\/\">http:\/\/www.realcasadiborbone.it\/en\/<\/a><\/p>\n<p>&nbsp;<\/p>\n<figure id=\"attachment_1675\" aria-describedby=\"caption-attachment-1675\" style=\"width: 575px\" class=\"wp-caption aligncenter\"><a href=\"https:\/\/www.touchofart.eu\/blog\/wp-content\/uploads\/2014\/05\/artmonaco6.jpg\"><img loading=\"lazy\" decoding=\"async\" class=\" wp-image-1675 \" alt=\"Agata Kolasi\u0144ska (Art Manager) i Eduarda Crociani, matka JKW Ksi\u0119\u017cniczki Camilli di Borbone delle Due Sicilie, Duchessa di Castro\" src=\"https:\/\/www.touchofart.eu\/blog\/wp-content\/uploads\/2014\/05\/artmonaco6.jpg\" width=\"575\" height=\"383\" srcset=\"https:\/\/www.touchofart.eu\/blog\/wp-content\/uploads\/2014\/05\/artmonaco6.jpg 1024w, https:\/\/www.touchofart.eu\/blog\/wp-content\/uploads\/2014\/05\/artmonaco6-300x200.jpg 300w, https:\/\/www.touchofart.eu\/blog\/wp-content\/uploads\/2014\/05\/artmonaco6-140x94.jpg 140w\" sizes=\"(max-width: 575px) 100vw, 575px\" \/><\/a><figcaption id=\"caption-attachment-1675\" class=\"wp-caption-text\">Agata Kolasi\u0144ska (Art Manager) i Eduarda Crociani, matka JKW Ksi\u0119\u017cniczki Camilli di Borbone delle Due Sicilie, Duchessa di Castro<\/figcaption><\/figure>\n<p>&nbsp;<\/p>\n<p>Oczywi\u015bcie z ogromn\u0105 przyjemno\u015bci\u0105 podziwia\u0142em te\u017c tw\u00f3rczo\u015b\u0107 innych wystawc\u00f3w \u2013 a by\u0142o co ogl\u0105da\u0107! Tak imponuj\u0105cego zbioru wysmakowanej, dobrej sztuki zgromadzonej w jednym miejscu nie widzia\u0142em jeszcze nigdy.<\/p>\n<p>Smakowa\u0142em wi\u0119c dobr\u0105 sztuk\u0119, francuskie bu\u0142eczki i moje ulubione oliwki. Zapachu pieczywa i smaku oliwek nie mog\u0119 Pa\u0144stwu niestety przekaza\u0107, ale do obcowania ze sztuk\u0105 i kupowania obraz\u00f3w nieustannie zapraszam do naszej galerii <a href=\"http:\/\/www.ToucfofArt.eu\">www.ToucfofArt.eu<\/a><\/p>\n<p><em><br \/>\n<\/em><br \/>\n<em>Je\u015bli chcecie Pa\u0144stwo by\u0107 na bie\u017c\u0105co z nowymi obrazami naszych znakomitych Artyst\u00f3w, zapraszamy do zapisania si\u0119 do bezp\u0142atnego newslettera: <a href=\"https:\/\/www.touchofart.eu\/rejestracja\/\">https:\/\/www.touchofart.eu\/rejestracja\/<\/a><\/em><\/p>\n<p>&nbsp;<\/p>\n<p>&nbsp;<\/p>\n<p>&nbsp;<\/p>\n<p>&nbsp;<\/p>\n<p>&nbsp;<\/p>\n<p>&nbsp;<\/p>\n<p>&nbsp;   <\/p>\n","protected":false},"excerpt":{"rendered":"<p>\u201eNiekt\u00f3rzy s\u0105dz\u0105, \u017ce luksus jest przeciwie\u0144stwem biedy. Ot\u00f3\u017c \u2013 nie jest. Luksus jest przeciwie\u0144stwem bylejako\u015bci\u201d (Coco Channel) O trafno\u015bci tego stwierdzenia przekonali\u015bmy si\u0119 na targach sztuki Art Monaco 2014, w kt\u00f3rych brali\u015bmy udzia\u0142 prezentuj\u0105c obrazy Tomasza S\u0119towskiego i tym samym promuj\u0105c nasz\u0105 galeri\u0119. &nbsp; &nbsp; Wszechobecny luksus sprawi\u0142, \u017ce na targi lecieli\u015bmy lekko onie\u015bmieleni. Nasza&#8230;<\/p>\n","protected":false},"author":2,"featured_media":1670,"comment_status":"open","ping_status":"open","sticky":false,"template":"","format":"standard","meta":{"footnotes":""},"categories":[10,8],"tags":[1111,787,1116,906,1114,1118,1113,1105,1115,1112,1103,1117,248],"_links":{"self":[{"href":"https:\/\/www.touchofart.eu\/blog\/wp-json\/wp\/v2\/posts\/1669"}],"collection":[{"href":"https:\/\/www.touchofart.eu\/blog\/wp-json\/wp\/v2\/posts"}],"about":[{"href":"https:\/\/www.touchofart.eu\/blog\/wp-json\/wp\/v2\/types\/post"}],"author":[{"embeddable":true,"href":"https:\/\/www.touchofart.eu\/blog\/wp-json\/wp\/v2\/users\/2"}],"replies":[{"embeddable":true,"href":"https:\/\/www.touchofart.eu\/blog\/wp-json\/wp\/v2\/comments?post=1669"}],"version-history":[{"count":5,"href":"https:\/\/www.touchofart.eu\/blog\/wp-json\/wp\/v2\/posts\/1669\/revisions"}],"predecessor-version":[{"id":2148,"href":"https:\/\/www.touchofart.eu\/blog\/wp-json\/wp\/v2\/posts\/1669\/revisions\/2148"}],"wp:featuredmedia":[{"embeddable":true,"href":"https:\/\/www.touchofart.eu\/blog\/wp-json\/wp\/v2\/media\/1670"}],"wp:attachment":[{"href":"https:\/\/www.touchofart.eu\/blog\/wp-json\/wp\/v2\/media?parent=1669"}],"wp:term":[{"taxonomy":"category","embeddable":true,"href":"https:\/\/www.touchofart.eu\/blog\/wp-json\/wp\/v2\/categories?post=1669"},{"taxonomy":"post_tag","embeddable":true,"href":"https:\/\/www.touchofart.eu\/blog\/wp-json\/wp\/v2\/tags?post=1669"}],"curies":[{"name":"wp","href":"https:\/\/api.w.org\/{rel}","templated":true}]}}