{"id":1632,"date":"2014-01-19T23:22:25","date_gmt":"2014-01-19T21:22:25","guid":{"rendered":"http:\/\/www.touchofart.eu\/blog\/?p=1632"},"modified":"2020-01-08T03:11:05","modified_gmt":"2020-01-08T01:11:05","slug":"wywiad-z-piotrem-dmochowskim-marszandem-i-wieloletnim-przyjacielem-zdzislawa-beksinskiego","status":"publish","type":"post","link":"https:\/\/www.touchofart.eu\/blog\/wywiad-z-piotrem-dmochowskim-marszandem-i-wieloletnim-przyjacielem-zdzislawa-beksinskiego\/","title":{"rendered":"Wywiad z Piotrem Dmochowskim marszandem i wieloletnim przyjacielem Zdzis\u0142awa Beksi\u0144skiego"},"content":{"rendered":"<div dir=\"ltr\" data-angle=\"0\" data-font-name=\"g_font_48_0\" data-canvas-width=\"151.72000723457333\"><strong>Agnieszka Chwia\u0142kowska:<\/strong><\/div>\n<div dir=\"ltr\" data-angle=\"0\" data-font-name=\"g_font_48_0\" data-canvas-width=\"261.73334581375127\">Powiedzia\u0142 Pan kiedy\u015b, \u017ce zainteresowa\u0142 si\u0119 sztuk\u0105 ju\u017c w liceum, a p\u00f3\u017aniej chadza\u0142 w niedziele do Luwru, aby podziwia\u0107 dawnych mistrz\u00f3w. Dlaczego wi\u0119c postanowi\u0142 Pan zainwestowa\u0107 akurat w Beksi\u0144skiego? Czy trudno by\u0142o nam\u00f3wi\u0107 Mistrza do wsp\u00f3\u0142pracy?<\/div>\n<div dir=\"ltr\" data-angle=\"0\" data-font-name=\"g_font_48_0\" data-canvas-width=\"111.14667196655274\"><\/div>\n<div dir=\"ltr\" data-angle=\"0\" data-font-name=\"g_font_48_0\" data-canvas-width=\"111.14667196655274\"><strong>Piotr Dmochowski:<\/strong><\/div>\n<div dir=\"ltr\" data-angle=\"0\" data-font-name=\"g_font_17_0\" data-canvas-width=\"383.0666849327087\">Je\u015bli powiedzia\u0142em kiedy\u015b, \u017ce sztuk\u0105 interesowa\u0142em si\u0119 ju\u017c w liceum, to sk\u0142ama\u0142em. A do Luwru chodzi\u0142em co niedziela, bo w niedziele wej\u015bcie by\u0142o darmowe. Robi\u0142em to raczej dla zabicia czasu ni\u017c z mi\u0142o\u015bci do sztuki, bo przez pierwsze dwa lata pobytu w Pary\u017cu bylem emigrantem bez pracy i bez \u015brodowiska.<\/div>\n<div dir=\"ltr\" data-angle=\"0\" data-font-name=\"g_font_48_0\" data-canvas-width=\"40.066668577194214\"><\/div>\n<div dir=\"ltr\" data-angle=\"0\" data-font-name=\"g_font_48_0\" data-canvas-width=\"40.066668577194214\"><strong>A. Ch.:<\/strong><a href=\"https:\/\/www.touchofart.eu\/Zdzislaw-Beksinski\/zbe19-Bez-tytulu\/\"><img loading=\"lazy\" decoding=\"async\" class=\"wp-image-1633 alignright\" title=\"Zdzis\u0142aw Beksi\u0144ski\" alt=\"Beksi\u0144ski Zdzis\u0142aw 1\" src=\"https:\/\/www.touchofart.eu\/blog\/wp-content\/uploads\/2014\/01\/Beksi\u0144ski-Zdzis\u0142aw-1.jpg\" width=\"344\" height=\"344\" srcset=\"https:\/\/www.touchofart.eu\/blog\/wp-content\/uploads\/2014\/01\/Beksi\u0144ski-Zdzis\u0142aw-1.jpg 960w, https:\/\/www.touchofart.eu\/blog\/wp-content\/uploads\/2014\/01\/Beksi\u0144ski-Zdzis\u0142aw-1-150x150.jpg 150w, https:\/\/www.touchofart.eu\/blog\/wp-content\/uploads\/2014\/01\/Beksi\u0144ski-Zdzis\u0142aw-1-300x300.jpg 300w, https:\/\/www.touchofart.eu\/blog\/wp-content\/uploads\/2014\/01\/Beksi\u0144ski-Zdzis\u0142aw-1-200x200.jpg 200w, https:\/\/www.touchofart.eu\/blog\/wp-content\/uploads\/2014\/01\/Beksi\u0144ski-Zdzis\u0142aw-1-130x130.jpg 130w, https:\/\/www.touchofart.eu\/blog\/wp-content\/uploads\/2014\/01\/Beksi\u0144ski-Zdzis\u0142aw-1-67x67.jpg 67w, https:\/\/www.touchofart.eu\/blog\/wp-content\/uploads\/2014\/01\/Beksi\u0144ski-Zdzis\u0142aw-1-40x40.jpg 40w, https:\/\/www.touchofart.eu\/blog\/wp-content\/uploads\/2014\/01\/Beksi\u0144ski-Zdzis\u0142aw-1-184x184.jpg 184w\" sizes=\"(max-width: 344px) 100vw, 344px\" \/><\/a><\/div>\n<div dir=\"ltr\" data-angle=\"0\" data-font-name=\"g_font_48_0\" data-canvas-width=\"106.4400050754547\">Z wykszta\u0142cenia jest Pan prawnikiem. Czy ludzie, z kt\u00f3rymi styka\u0142 si\u0119 Pan w pracy nie byli zdziwieni, czym zajmuje si\u0119 Pan po godzinach? Jak Pa\u0144ska \u017cona zareagowa\u0142a na fascynacj\u0119 akurat tw\u00f3rczo\u015bci\u0105 Beksi\u0144skiego? Wiemy, \u017ce wspiera\u0142a Pana w pr\u00f3bach popularyzacji sztuki Mistrza i \u017ce sama uleg\u0142a hipnozie jego obraz\u00f3w. Ale czy tak by\u0142o od samego pocz\u0105tku?<\/div>\n<div dir=\"ltr\" data-angle=\"0\" data-font-name=\"g_font_48_0\" data-canvas-width=\"26.453334594726563\"><\/div>\n<div dir=\"ltr\" data-angle=\"0\" data-font-name=\"g_font_48_0\" data-canvas-width=\"26.453334594726563\"><strong>P.D.:<\/strong><\/div>\n<div dir=\"ltr\" data-angle=\"0\" data-font-name=\"g_font_17_0\" data-canvas-width=\"601.8266953639983\">Nikt nie okazywa\u0142 specjalnego zdziwienia, \u017ce sta\u0142em si\u0119 marszandem i kolekcjonerem. Nie robi\u0142em tego \u201epo godzinach\u201d, bo jako pracownik naukowy na uniwersytecie mia\u0142em wiele wolnego czasu. Moja praktyka adwokacka by\u0142a te\u017c tak zorganizowana by mi go nie zabiera\u0107 za du\u017co. Je\u015bli wiec \u201epo\u015bwi\u0119ca\u0142em si\u0119\u201d dla sztuki to tylko w tym \u017ce mniej pisa\u0142em prac naukowych ni\u017c powinienem, i \u017ce moja karier\u0119 naukow\u0105 od\u0142o\u017cy\u0142em na bok przez wiele lat. Moja \u017cona reagowa\u0142a doskonale na moj\u0105 fascynacj\u0119 tw\u00f3rczo\u015bci\u0105 Beksi\u0144skiego. Po prostu mamy prawie identyczne gusta i oboje t\u0105 fascynacj\u0119 od pocz\u0105tku poczuli\u015bmy.<\/div>\n<div dir=\"ltr\" data-angle=\"0\" data-font-name=\"g_font_48_0\" data-canvas-width=\"38.69333517837524\"><\/div>\n<div dir=\"ltr\" data-angle=\"0\" data-font-name=\"g_font_48_0\" data-canvas-width=\"38.69333517837524\"><strong>A.Ch.:<\/strong><\/div>\n<div dir=\"ltr\" data-angle=\"0\" data-font-name=\"g_font_48_0\" data-canvas-width=\"279.65334666824344\">Beksi\u0144ski by\u0142 samotnikiem, ale mimo ca\u0142ej izolacji od \u015bwiata w jego \u017cyciu pojawili si\u0119 ludzie tacy jak Pan, kt\u00f3rzy potrafili przebi\u0107 si\u0119 przez obronn\u0105 pow\u0142ok\u0119 Mistrza. Co wed\u0142ug Pan mog\u0142o j\u0105 wywo\u0142a\u0107? Dlaczego Beksi\u0144ski a\u017c tak stroni\u0142 od ludzi? Przyzna Pan, \u017ce jest to nieco groteskowe bior\u0105c pod uwag\u0119, \u017ce mieszka\u0142 w Warszawskim mr\u00f3wkowcu. Malowa\u0142 pod\u015bwiadome l\u0119ki i fascynacj\u0119 zwi\u0105zan\u0105 ze \u015bmierci\u0105, z unicestwieniem, a co ze zniekszta\u0142conym humanoidem, kt\u00f3ry nieustannie pojawia si\u0119 na jego obrazach?<\/div>\n<div dir=\"ltr\" data-angle=\"0\" data-font-name=\"g_font_48_0\" data-canvas-width=\"26.453334594726563\"><\/div>\n<div dir=\"ltr\" data-angle=\"0\" data-font-name=\"g_font_48_0\" data-canvas-width=\"26.453334594726563\"><strong>P.D.:<\/strong><\/div>\n<div dir=\"ltr\" data-angle=\"0\" data-font-name=\"g_font_17_0\" data-canvas-width=\"678.7466990318294\">Nie trzeba by\u0142o si\u0119 przebija\u0107 przez \u201eobronn\u0105 pow\u0142ok\u0119\u201d Mistrza, bo by\u0142 to cz\u0142owiek bardzo towarzyski, rozmowny i przyja\u017anie nastawiony do ludzi, kt\u00f3rzy chcieli z nim nawi\u0105za\u0107 kontakt. Beksi\u0144ski wcale nie stroni\u0142 od nich i kto chcia\u0142 m\u00f3g\u0142 do niego wpa\u015b\u0107 nawet, je\u015bli tylko \u201ez polecenia\u201d jakiego\u015b jego przyjaciela. Tak wi\u0119c wiele os\u00f3b, kt\u00f3re poleci\u0142em Beksi\u0144skiemu odwiedzi\u0142o go i cz\u0119sto nawet \u201ewyszabrowa\u0142o\u201d od niego jaki\u015b rysunek na pami\u0105tk\u0119. To czego on nie znosi\u0142, a za co nies\u0142usznie nazywano go odludkiem, to wychodzenia z domu. By\u0142 domatorem. Poza tym nie lubi\u0142 t\u0142umu. W t\u0142umie czu\u0142 si\u0119 \u017ale. Zniekszta\u0142conego humanoida widz\u0119 tylko na jednym jego obrazie, tym, kt\u00f3ry nazywam \u201eWieczorem wigilijnym\u201d. Beksi\u0144ski lubi\u0142 \u017cart i persyfla\u017c. Tote\u017c nawet w powa\u017cnie namalowanym obrazie zdarza\u0142o mu si\u0119 przez wiele lat (p\u00f3\u017aniej robi\u0142 to rzadziej, lecz nawet pod koniec \u017cycia nie przesta\u0142 zupe\u0142nie) umieszcza\u0107 jaki\u015b detal, kt\u00f3ry mia\u0142 wywo\u0142a\u0107 u\u015bmiech u odbiorcy. St\u0105d chyba ta g\u0142owa postaci na obrazie \u201eWieczoru wigilijnego\u201d, kt\u00f3ry sta\u0142 si\u0119 logo muzeum Mistrza w Cz\u0119stochowie.<\/div>\n<div dir=\"ltr\" data-angle=\"0\" data-font-name=\"g_font_17_0\" data-canvas-width=\"678.7466990318294\"><\/div>\n<div dir=\"ltr\" data-angle=\"0\" data-font-name=\"g_font_17_0\" data-canvas-width=\"678.7466990318294\">\n<div dir=\"ltr\" data-angle=\"0\" data-font-name=\"g_font_92_0\" data-canvas-width=\"152.72000728225703\"><strong>Agnieszka Chwia\u0142kowska:<\/strong><\/div>\n<div dir=\"ltr\" data-angle=\"0\" data-font-name=\"g_font_92_0\" data-canvas-width=\"457.7466884937287\">Czy pami\u0119ta Pan, kiedy sprzeda\u0142 pierwszy obraz Mistrza? Kto by\u0142 jego kupcem?<\/div>\n<div dir=\"ltr\" data-angle=\"0\" data-font-name=\"g_font_92_0\" data-canvas-width=\"110.2933385925293\"><\/div>\n<div dir=\"ltr\" data-angle=\"0\" data-font-name=\"g_font_92_0\" data-canvas-width=\"110.2933385925293\"><strong>Piotr Dmochowski:<\/strong><\/div>\n<div dir=\"ltr\" data-angle=\"0\" data-font-name=\"g_font_90_0\" data-canvas-width=\"607.413362297058\">Pami\u0119tam doskonale komu pierwszemu sprzeda\u0142em obraz Zdzis\u0142awa. Opisa\u0142em to szczeg\u00f3\u0142owo w mojej ksi\u0105\u017cce \u201eZmagania o Beksi\u0144skiego\u201d. Tak wi\u0119c wspomn\u0119 tylko \u017ce nabywc\u0105 by\u0142a malarka, \u017cona ira\u0144skiego bankiera &#8211; Pani Afkami, kt\u00f3ra spotka\u0142a si\u0119 z tym obrazem na jednym z salon\u00f3w paryskich, na kt\u00f3rych ten obraz wystawi\u0142em. Nast\u0119pn\u0105 osob\u0105 by\u0142 multimilioner &#8211; londy\u0144ski \u017byd polskiego pochodzenia, kt\u00f3ry zrobi\u0142 zakup czterech obraz\u00f3w raczej by sprawi\u0107 przyjemno\u015b\u0107 swojej m\u0142odej i \u0142adnej kuzynce (kt\u00f3ra za po\u015brednictwo mia\u0142a dosta\u0107 ode mnie pewien procent ceny) ni\u017c z mi\u0142o\u015bci do sztuki Beksi\u0144skiego lub ze znawstwa.<\/div>\n<div dir=\"ltr\" data-angle=\"0\" data-font-name=\"g_font_92_0\" data-canvas-width=\"154.61334070587154\"><\/div>\n<div dir=\"ltr\" data-angle=\"0\" data-font-name=\"g_font_92_0\" data-canvas-width=\"154.61334070587154\"><strong>Agnieszka Chwia\u0142kowska:<\/strong><\/div>\n<div dir=\"ltr\" data-angle=\"0\" data-font-name=\"g_font_92_0\" data-canvas-width=\"254.62667880821226\">Po przeczytaniu udzielanych przez Pana wywiad\u00f3w wynios\u0142am nast\u0119puj\u0105cy wniosek \u2013 dla Piotra Dmochowskiego najwa\u017cniejsze w sztuce s\u0105 emocje. Dlaczego wi\u0119c nie pr\u00f3bowa\u0142 Pan nam\u00f3wi\u0107 Beksi\u0144skiego, aby wi\u0119cej uwagi po\u015bwi\u0119ci\u0142 sztuce rze\u017abiarskiej?<\/div>\n<div dir=\"ltr\" data-angle=\"0\" data-font-name=\"g_font_92_0\" data-canvas-width=\"254.62667880821226\"><\/div>\n<div dir=\"ltr\" data-angle=\"0\" data-font-name=\"g_font_92_0\" data-canvas-width=\"254.62667880821226\">\n<div dir=\"ltr\" data-angle=\"0\" data-font-name=\"g_font_135_0\" data-canvas-width=\"111.66667199134824\"><strong>Piotr Dmochowski:<\/strong><\/div>\n<div dir=\"ltr\" data-angle=\"0\" data-font-name=\"g_font_159_0\" data-canvas-width=\"147.78667371368408\">Beksi\u0144ski nie potrzebowa\u0142 zach\u0119ce\u0144 do rze\u017abienia bo jak m\u00f3wi\u0142 \u201eto chodzi mu stale po g\u0142owie\u201d. Niestety nie mia\u0142 po prostu na to miejsca. To jest brudna robota, kt\u00f3ra wymaga przestrzeni. Jego rze\u017aby z czas\u00f3w abstrakcji by\u0142y robione, gdy mieszka\u0142 jeszcze w Sanoku i mia\u0142 du\u017cy dom, w kt\u00f3rym m\u00f3g\u0142 urz\u0105dzi\u0107 sobie prawdziw\u0105 pracownie. Rzeczywi\u015bcie dla mnie najwa\u017cniejsze s\u0105 w sztuce emocje ale i warsztat. Te dwie rzeczy dominuj\u0105 w sztuce Beksi\u0144skiego i st\u0105d mi\u0119dzy innymi moja ni\u0105 fascynacja.<\/div>\n<div dir=\"ltr\" data-angle=\"0\" data-font-name=\"g_font_122_0\" data-canvas-width=\"151.7866739044189\"><a href=\"https:\/\/www.touchofart.eu\/Zdzislaw-Beksinski\/zbe18-Glowa\/\"><img loading=\"lazy\" decoding=\"async\" class=\"alignleft  wp-image-1635\" title=\"Zdzis\u0142aw Beksi\u0144ski\" alt=\"Beksi\u0144ski Zdzis\u0142aw 2\" src=\"https:\/\/www.touchofart.eu\/blog\/wp-content\/uploads\/2014\/01\/Beksi\u0144ski-Zdzis\u0142aw-2.jpg\" width=\"345\" height=\"286\" srcset=\"https:\/\/www.touchofart.eu\/blog\/wp-content\/uploads\/2014\/01\/Beksi\u0144ski-Zdzis\u0142aw-2.jpg 718w, https:\/\/www.touchofart.eu\/blog\/wp-content\/uploads\/2014\/01\/Beksi\u0144ski-Zdzis\u0142aw-2-300x248.jpg 300w\" sizes=\"(max-width: 345px) 100vw, 345px\" \/><\/a><\/div>\n<div dir=\"ltr\" data-angle=\"0\" data-font-name=\"g_font_122_0\" data-canvas-width=\"151.7866739044189\"><strong>Agnieszka Chwia\u0142kowska:<\/strong><\/div>\n<div dir=\"ltr\" data-angle=\"0\" data-font-name=\"g_font_122_0\" data-canvas-width=\"547.4266927700041\">Czy Beksi\u0144ski kiedykolwiek przypuszcza\u0142, \u017ce jego tw\u00f3rczo\u015b\u0107 wywrze tak du\u017cy wp\u0142yw na nast\u0119pne<\/div>\n<div dir=\"ltr\" data-angle=\"0\" data-font-name=\"g_font_122_0\" data-canvas-width=\"658.3600313930511\">pokolenia artyst\u00f3w? Czy chocia\u017c raz za \u017cycia powiedzia\u0142, \u017ce poczu\u0142 si\u0119 spe\u0142niony, jako artysta? Czy by\u0142 jaki\u015b rodzaj s\u0142awy, kt\u00f3ry chcia\u0142 uzyska\u0107?<\/div>\n<div dir=\"ltr\" data-angle=\"0\" data-font-name=\"g_font_122_0\" data-canvas-width=\"658.3600313930511\"><\/div>\n<div dir=\"ltr\" data-angle=\"0\" data-font-name=\"g_font_122_0\" data-canvas-width=\"658.3600313930511\">\n<div dir=\"ltr\" data-angle=\"0\" data-font-name=\"g_font_135_0\" data-canvas-width=\"110.53333860397338\"><strong>Piotr Dmochowski:<\/strong><\/div>\n<div dir=\"ltr\" data-angle=\"0\" data-font-name=\"g_font_159_0\" data-canvas-width=\"697.2933665828701\">Nie sadze by tw\u00f3rczo\u015b\u0107 Beksi\u0144skiego wywar\u0142a szeroki wp\u0142yw na \u201enast\u0119pne pokolenia artyst\u00f3w\u201d. Wielu m\u0142odych chcia\u0142oby nauczy\u0107 si\u0119 od Niego warsztatu, bo tego nie wyk\u0142ada si\u0119 ju\u017c na akademii i ka\u017cdy musi si\u0119 teraz sam tego nauczy\u0107. Natomiast wyobra\u017ani Beksi\u0144skiego nie ma nikt z obecnych tw\u00f3rc\u00f3w i chyba nikt (pr\u00f3cz fa\u0142szerzy) nie pr\u00f3buje tak malowa\u0107. Tote\u017c nie mo\u017cna m\u00f3wi\u0107 o prawdziwym \u201ewp\u0142ywie\u201d. Oni s\u0105, tak jak wielu zwyk\u0142ych ludzi, zafascynowani t\u0105 tw\u00f3rczo\u015bci\u0105, ale ka\u017cdy z nich zdaje sobie spraw\u0119, \u017ce tak jak on malowa\u0107 nie potrafi, bo to wymaga specyficznej wyobra\u017ani. Nigdy Beksi\u0144ski nie okre\u015bla\u0142 si\u0119, jako sko\u0144czony czy niesko\u0144czony artysta. On bawi\u0142 si\u0119 malowaniem, pasjonowa\u0142 si\u0119 tym. Ale tak naprawd\u0119 nie dba\u0142 o s\u0142aw\u0119 ani o rozg\u0142os. Jedyne, co chcia\u0142 robi\u0107 to bawi\u0107 si\u0119 w malowanie i rysowanie, bo tak mu w duszy gra\u0142o. Oczywi\u015bcie \u017ce nie by\u0142o mu oboj\u0119tne \u017ce w Polsce sta\u0142 si\u0119 s\u0142awny. Bo na to nikt nie jest oboj\u0119tny. Ale przywi\u0105zywa\u0142 do tego umiarkowana wag\u0119. G\u0142\u00f3wnie chodzi\u0142o mu o zdanie jego<\/p>\n<div dir=\"ltr\" data-angle=\"0\" data-font-name=\"g_font_196_0\" data-canvas-width=\"331.4000158023835\">najbli\u017cszego otoczenia, jego przyjaci\u00f3\u0142 i znajomych. Gdy mu na samym pocz\u0105tku naiwnie zapowiedzia\u0142em \u017ce b\u0119d\u0119 si\u0119 stara\u0142 go rozs\u0142awi\u0107 w Pary\u017cu , odpowiedzia\u0142 mi \u201ePary\u017c? Kakaja g\u0142usz!\u201d. Nigdy zreszt\u0105 nie wierzy\u0142 w \u015bwiatowa s\u0142aw\u0119, bo nie wiedzia\u0142 za swego \u017cycia jak pot\u0119\u017cna d\u017awignia stanie si\u0119 Internet. Je\u015bli mu chodzi\u0142o o uznanie to tylko w Polsce. St\u0105d nigdy nie anga\u017cowa\u0142 si\u0119 w moje wysi\u0142ki promowania go w Pary\u017cu. Raczej go to dra\u017cni\u0142o i je\u015bli si\u0119 ze mn\u0105 zwi\u0105za\u0142 to nie dla s\u0142awy, a tylko dla pieni\u0119dzy. Chcia\u0142 mie\u0107 spok\u00f3j i nie by\u0107 stale zmuszonym do uganiania si\u0119 za klientami. St\u0105d potrzebny mu by\u0142 agent. Ale ani na pocz\u0105tku naszego uk\u0142adu ani p\u00f3\u017aniej o nic innego mu nie chodzi\u0142o ni\u017c o pieni\u0105dze.<\/div>\n<div dir=\"ltr\" data-angle=\"0\" data-font-name=\"g_font_196_0\" data-canvas-width=\"331.4000158023835\"><\/div>\n<div dir=\"ltr\" data-angle=\"0\" data-font-name=\"g_font_196_0\" data-canvas-width=\"331.4000158023835\">\n<div dir=\"ltr\" data-angle=\"0\" data-font-name=\"g_font_176_0\" data-canvas-width=\"164.82667452621456\"><strong>Agnieszka Chwia\u0142kowska:<\/strong><\/div>\n<div dir=\"ltr\" data-angle=\"0\" data-font-name=\"g_font_176_0\" data-canvas-width=\"227.16001083183284\">Jakim jednym s\u0142owem okre\u015bli\u0142by Pan Zdzis\u0142awa Beksi\u0144skiego?<\/div>\n<div dir=\"ltr\" data-angle=\"0\" data-font-name=\"g_font_176_0\" data-canvas-width=\"112.34667202377317\"><\/div>\n<div dir=\"ltr\" data-angle=\"0\" data-font-name=\"g_font_176_0\" data-canvas-width=\"112.34667202377317\"><strong>Piotr Dmochowski:<\/strong><\/div>\n<div dir=\"ltr\" data-angle=\"0\" data-font-name=\"g_font_176_0\" data-canvas-width=\"158.61334089660642\">Nie podejmuje si\u0119 okre\u015bli\u0107 tak z\u0142o\u017conej i tak niezwyk\u0142ej postaci jednym s\u0142owem. To co o nim my\u015bl\u0119 dok\u0142adnie opisa\u0142em w mojej ksi\u0105\u017cce, w notatce zatytu\u0142owanej \u201dPortret Beksa 2\u201d. Beksi\u0144ski po przeczytaniu jej powiedzia\u0142 i napisa\u0142 mi kilkukrotnie \u201eTak, to jestem ja. Takim jestem naprawd\u0119\u201d. Ale ja na to po\u015bwieci\u0142em chyba z czterdzie\u015bci stron a nie jedno s\u0142owo.<\/div>\n<div dir=\"ltr\" data-angle=\"0\" data-font-name=\"g_font_176_0\" data-canvas-width=\"158.61334089660642\"><strong>Agnieszka Chwia\u0142kowska:<\/strong><\/div>\n<div dir=\"ltr\" data-angle=\"0\" data-font-name=\"g_font_176_0\" data-canvas-width=\"232.9733444423676\">Kurator\/marszand (czy te\u017c osoba popularyzuj\u0105ca sztuk\u0119 danego tw\u00f3rcy) to kto\u015b, bez kogo artysta tak naprawd\u0119 ma znikome szanse, aby zaistnie\u0107, a mimo to, jest to jednak osoba, o kt\u00f3rej pami\u0119ta si\u0119 przez chwil\u0119. \u201eZmagania o Beksi\u0144skiego\u201d s\u0105 doskona\u0142ym literackim reporta\u017cem. Ale czy tylko? Czy t\u0105 ksi\u0105\u017ck\u0119 mo\u017cna odebra\u0107 r\u00f3wnie\u017c, jako pr\u00f3b\u0119 wyj\u015bcia Piotra Dmochowskiego z cienia mistrza?<\/div>\n<div dir=\"ltr\" data-angle=\"0\" data-font-name=\"g_font_176_0\" data-canvas-width=\"111.16000530052185\"><\/div>\n<div dir=\"ltr\" data-angle=\"0\" data-font-name=\"g_font_176_0\" data-canvas-width=\"111.16000530052185\"><strong>Piotr Dmochowski:<\/strong><\/div>\n<div dir=\"ltr\" data-angle=\"0\" data-font-name=\"g_font_196_0\" data-canvas-width=\"331.4133491363526\">Jak zwykle w tym pytaniu s\u0105 co najmniej trzy nie maj\u0105ce ze sob\u0105 zwi\u0105zku sformu\u0142owania. Odpowiem wi\u0119c tylko na ostatnie : ksi\u0105\u017ck\u0119 napisa\u0142em bez okre\u015blonego celu. Jedyne co mn\u0105 kierowa\u0142o to ch\u0119\u0107 utopienia w s\u0142owach moich l\u0119k\u00f3w zwi\u0105zanych z trudno\u015bciami jakie mnie osaczy\u0142y. W cieniu Beksi\u0144skiego nie bylem i nie jestem. Tote\u017c pisz\u0105c moj\u0105 ksi\u0105\u017ck\u0119 nie stara\u0142em si\u0119 z niego wyj\u015b\u0107. Bardzo niewielu ludzi w og\u00f3le wie o moim istnieniu i widz\u0119 to w Internecie. Moje<\/div>\n<div dir=\"ltr\" data-angle=\"0\" data-font-name=\"g_font_196_0\" data-canvas-width=\"331.346682466507\">nazwisko we wzmiankach o Beksi\u0144skim jest bardzo rzadko wspominane. Przyzna\u0107 jednak musz\u0119 \u017ce, gdy Pani Zosia &#8211; \u017cona Mistrza, kiedy\u015b zapyta\u0142a mnie, \u201ePo co Pan to wszystko robi ?\u201d Odpowiedzia\u0142em jej: \u201eBy w\u015blizgn\u0105\u0107 si\u0119 do historii za plecami<\/div>\n<div dir=\"ltr\" data-angle=\"0\" data-font-name=\"g_font_196_0\" data-canvas-width=\"266.0133460178374\">Pani m\u0119\u017ca\u201d. Na razie na pewno mi si\u0119 to nie uda\u0142o.<\/div>\n<div dir=\"ltr\" data-angle=\"0\" data-font-name=\"g_font_176_0\" data-canvas-width=\"154.28000735664364\"><\/div>\n<div dir=\"ltr\" data-angle=\"0\" data-font-name=\"g_font_176_0\" data-canvas-width=\"154.28000735664364\"><strong>Agnieszka Chwia\u0142kowska:<\/strong><\/div>\n<div dir=\"ltr\" data-angle=\"0\" data-font-name=\"g_font_176_0\" data-canvas-width=\"331.7466824855805\">Czy my\u015bla\u0142 Pan kiedy\u015b o tym, aby zaj\u0105\u0107 si\u0119 sztuk\u0105, ale od strony praktycznej? Gdyby wkroczy\u0142 Pan teraz na drog\u0119, kt\u00f3r\u0105 pod\u0105\u017ca\u0142 Beksa i postanowi\u0142 zaj\u0105\u0107 si\u0119 tw\u00f3rczym aspektem malarstwa, nawi\u0105zuj\u0105cym oczywi\u015bcie do jego tw\u00f3rczo\u015bci co przedstawi\u0142by Pan na p\u0142\u00f3tnie? Czy jest co\u015b, co wzbudza w Panu strach, a jednocze\u015bnie olbrzymie zainteresowanie?<\/div>\n<div dir=\"ltr\" data-angle=\"0\" data-font-name=\"g_font_176_0\" data-canvas-width=\"331.7466824855805\"><\/div>\n<div dir=\"ltr\" data-angle=\"0\" data-font-name=\"g_font_176_0\" data-canvas-width=\"331.7466824855805\">\n<div dir=\"ltr\" data-angle=\"0\" data-font-name=\"g_font_240_0\" data-canvas-width=\"124.49333926963801\"><strong>Piotr Dmochowski:<\/strong><\/div>\n<div dir=\"ltr\" data-angle=\"0\" data-font-name=\"g_font_242_0\" data-canvas-width=\"53.25333587265015\">Nigdy nie mia\u0142em uzdolnie\u0144 artystycznych. Gdy by\u0142em ma\u0142ym ch\u0142opcem, troch\u0119 rysowa\u0142em kopiuj\u0105c ryciny z ksi\u0105\u017cek. Na tym si\u0119 moje talenty artystyczne wyczerpa\u0142y. Czego \u017ca\u0142uj\u0119. Ale tak jest r\u00f3wnie\u017c z innymi dziedzinami, w kt\u00f3rych te\u017c nie okaza\u0142em \u017cadnych uzdolnie\u0144. Strach i zainteresowanie wzbudza we mnie bardzo prozaicznie staro\u015b\u0107 i ju\u017c niedaleka \u015bmier\u0107. Dok\u0142adnie tak samo jak u Mistrza.<\/div>\n<div dir=\"ltr\" data-angle=\"0\" data-font-name=\"g_font_240_0\" data-canvas-width=\"157.2933408336639\"><\/div>\n<div dir=\"ltr\" data-angle=\"0\" data-font-name=\"g_font_240_0\" data-canvas-width=\"157.2933408336639\"><strong>Agnieszka Chwia\u0142kowska:<\/strong><\/div>\n<div dir=\"ltr\" data-angle=\"0\" data-font-name=\"g_font_240_0\" data-canvas-width=\"331.693349149704\">Opr\u00f3cz internetowej galerii posiada Pan w\u0142asn\u0105 kolekcj\u0119 obraz\u00f3w, m.in. Szajny, Starowieyskiego, Morawetz, Szurek i oczywi\u015bcie Beksi\u0144skiego. Czy w tej galerii znajdzie si\u0119 miejsce dla polskich tw\u00f3rc\u00f3w m\u0142odego pokolenia realizmu<\/div>\n<div dir=\"ltr\" data-angle=\"0\" data-font-name=\"g_font_240_0\" data-canvas-width=\"75.82667028236389\">magicznego?<\/div>\n<div dir=\"ltr\" data-angle=\"0\" data-font-name=\"g_font_240_0\" data-canvas-width=\"110.28000525856017\"><\/div>\n<div dir=\"ltr\" data-angle=\"0\" data-font-name=\"g_font_240_0\" data-canvas-width=\"110.28000525856017\"><strong>Piotr Dmochowski:<\/strong><\/div>\n<div dir=\"ltr\" data-angle=\"0\" data-font-name=\"g_font_242_0\" data-canvas-width=\"331.3200157985687\">Nie, nie ma w mojej kolekcji prac polskich artyst\u00f3w realizmu magicznego pr\u00f3cz dw\u00f3ch obraz\u00f3w &#8211; jednego namalowanego przez Pana Banacha (nie pami\u0119tam jego imienia), a drugiego przez Pana Wieczorka. Mam kilkana\u015bcie du\u017cych format\u00f3w francuskiego malarza, Michel \u2018a Henrico, kt\u00f3rego mo\u017cna by, naginaj\u0105c mocno to wyra\u017cenie, nazwa\u0107 \u201dmagicznym realizmem\u201d. Na og\u00f3\u0142 nie cierpi\u0119 tego co okre\u015bla si\u0119 tym wyra\u017ceniem, a co widuj\u0119 na reprodukcjach, mimo \u017ce<\/div>\n<div dir=\"ltr\" data-angle=\"0\" data-font-name=\"g_font_242_0\" data-canvas-width=\"189.14667568588249\">technicznie jest to czasami poprawne. Nie s\u0105dz\u0119 \u017ceby mo\u017cna by\u0142o sprowadzi\u0107 sztuk\u0119 Mistrza do \u201dmagicznego realizmu\u201d. To, co nazywa\u0142 si\u0119 tym okre\u015bleniem na og\u00f3\u0142 nie ma \u201eduszy\u201d i jest \u201dinfantylne\u201d. I z tego powodu zaliczanie Beksi\u0144skiego do tego nurtu jest moim zdaniem chybione.<\/div>\n<div dir=\"ltr\" data-angle=\"0\" data-font-name=\"g_font_240_0\" data-canvas-width=\"154.9733407230377\"><\/div>\n<div dir=\"ltr\" data-angle=\"0\" data-font-name=\"g_font_240_0\" data-canvas-width=\"154.9733407230377\"><strong>Agnieszka Chwia\u0142kowska:<a href=\"https:\/\/www.touchofart.eu\/Zdzislaw-Beksinski\/zbe16-Bez-tytulu\/\"><img loading=\"lazy\" decoding=\"async\" class=\"alignright  wp-image-1636\" title=\"Zdzis\u0142aw Beksi\u0144ski\" alt=\"Beksi\u0144ski Zdzis\u0142aw 3\" src=\"https:\/\/www.touchofart.eu\/blog\/wp-content\/uploads\/2014\/01\/Beksi\u0144ski-Zdzis\u0142aw-3.jpg\" width=\"322\" height=\"266\" srcset=\"https:\/\/www.touchofart.eu\/blog\/wp-content\/uploads\/2014\/01\/Beksi\u0144ski-Zdzis\u0142aw-3.jpg 719w, https:\/\/www.touchofart.eu\/blog\/wp-content\/uploads\/2014\/01\/Beksi\u0144ski-Zdzis\u0142aw-3-300x248.jpg 300w\" sizes=\"(max-width: 322px) 100vw, 322px\" \/><\/a><\/strong><\/div>\n<div dir=\"ltr\" data-angle=\"0\" data-font-name=\"g_font_240_0\" data-canvas-width=\"123.90667257499693\">Czy teraz, kiedy nie wyk\u0142ada Pan ju\u017c na uniwersytecie, nie my\u015bla\u0142 Pan o powrocie do prowadzenia tradycyjnej galerii mieszcz\u0105cej si\u0119 w czterech \u015bcianach?<\/div>\n<div dir=\"ltr\" data-angle=\"0\" data-font-name=\"g_font_240_0\" data-canvas-width=\"118.01333896064757\"><\/div>\n<div dir=\"ltr\" data-angle=\"0\" data-font-name=\"g_font_240_0\" data-canvas-width=\"118.01333896064757\"><strong>Piotr Dmochowski:<\/strong><\/div>\n<div dir=\"ltr\" data-angle=\"0\" data-font-name=\"g_font_242_0\" data-canvas-width=\"244.0000116348267\">Prowadzenie galerii sprzedajnej to okropna orka. Wymaga wiele nak\u0142adu pieni\u0119dzy i czasu, a na og\u00f3\u0142 nie przynosi \u017cadnych zysk\u00f3w ani satysfakcji. Tylko nielicznym udaje si\u0119, jako tako utrzyma\u0107 na powierzchni. Tote\u017c ilekro\u0107 odwiedzam jak\u0105\u015b galerie to w duchu wsp\u00f3\u0142czuje jej w\u0142a\u015bcicielowi bo wiem jak si\u0119 m\u0119czy. Nie, o galerii mi si\u0119 nie marzy. Natomiast marzy mi si\u0119 o muzeum dla Mistrza. Uda\u0142o mi si\u0119 takie ma\u0142e muzeum stworzy\u0107 w Cz\u0119stochowie z pomoc\u0105 Pana dyrektora Tarczy\u0144skiego. I obecnie staram si\u0119 o stworzenia czego\u015b podobnego w Warszawie. Gdybym si\u0119 to uda\u0142o, uwa\u017ca\u0142bym \u017ce osi\u0105gn\u0105\u0142em cel mego \u017cycia (lub przynajmniej moich ostatnich trzydziestu lat).<\/div>\n<div dir=\"ltr\" data-angle=\"0\" data-font-name=\"g_font_240_0\" data-canvas-width=\"153.36000731277463\"><\/div>\n<div dir=\"ltr\" data-angle=\"0\" data-font-name=\"g_font_240_0\" data-canvas-width=\"153.36000731277463\"><strong>Agnieszka Chwia\u0142kowska:<\/strong><\/div>\n<div dir=\"ltr\" data-angle=\"0\" data-font-name=\"g_font_240_0\" data-canvas-width=\"309.2800147476196\">Czy dzi\u015b, z perspektywy czasu, z perspektywy tych wszystkich niesnasek, k\u0142\u00f3tni, spor\u00f3w, ale i wieloletniej, serdecznej przyja\u017ani jest co\u015b, za co szczeg\u00f3lnie Piotr Dmochowski chcia\u0142by podzi\u0119kowa\u0107 Zdzis\u0142awowi Beksi\u0144skiemu?<\/div>\n<div dir=\"ltr\" data-angle=\"0\" data-font-name=\"g_font_240_0\" data-canvas-width=\"309.2800147476196\"><\/div>\n<div dir=\"ltr\" data-angle=\"0\" data-font-name=\"g_font_240_0\" data-canvas-width=\"309.2800147476196\">\n<div dir=\"ltr\" data-angle=\"0\" data-font-name=\"g_font_302_0\" data-canvas-width=\"111.77333866310119\"><strong>Piotr Dmochowski:<\/strong><\/div>\n<div dir=\"ltr\" data-angle=\"0\" data-font-name=\"g_font_316_0\" data-canvas-width=\"642.5733639736177\">Beksi\u0144skiemu mog\u0119 by\u0107 wdzi\u0119czny za to \u017ce walka o jego miejsce w Historii sta\u0142a si\u0119 moim naczelnym celem i poch\u0142ania mnie bez reszty. A w \u017cyciu dobrze jest mie\u0107 jaki\u015b wy\u017cszy cel, do kt\u00f3rego si\u0119 d\u0105\u017cy. Jak wspomnia\u0142em powy\u017cej, nie mia\u0142em \u017cadnych talent\u00f3w ani artystycznych ani innych. Za to zdoby\u0142em pasje, kt\u00f3ra mi daje podobne zadowolenie jak to, kt\u00f3re musi odczuwa\u0107 utalentowany tw\u00f3rca, gdy kreuje. Poza tym by\u0142 to ogromnie fajny facet i moja z nim znajomo\u015b\u0107 by\u0142a \u017ar\u00f3d\u0142em wielu satysfakcji intelektualnych i towarzyskich, mimo \u017ce potrafili\u015bmy si\u0119 ostro k\u0142\u00f3ci\u0107, a nawet nie odzywa\u0107 si\u0119 do siebie przez d\u0142u\u017cszy czas.<\/div>\n<div dir=\"ltr\" data-angle=\"0\" data-font-name=\"g_font_311_0\" data-canvas-width=\"155.05334072685238\"><\/div>\n<div dir=\"ltr\" data-angle=\"0\" data-font-name=\"g_font_311_0\" data-canvas-width=\"155.05334072685238\"><strong>Agnieszka Chwia\u0142kowska:<\/strong><\/div>\n<div dir=\"ltr\" data-angle=\"0\" data-font-name=\"g_font_311_0\" data-canvas-width=\"165.69334123420714\">Czy ma Pan z planach zorganizowanie w najbli\u017cszym czasie jakiej\u015b przekrojowej wystawy mistrza w rodzinnym kraju?<\/div>\n<div dir=\"ltr\" data-angle=\"0\" data-font-name=\"g_font_302_0\" data-canvas-width=\"113.90667209815977\"><\/div>\n<div dir=\"ltr\" data-angle=\"0\" data-font-name=\"g_font_302_0\" data-canvas-width=\"113.90667209815977\"><strong>Piotr Dmochowski:<\/strong><\/div>\n<div dir=\"ltr\" data-angle=\"0\" data-font-name=\"g_font_316_0\" data-canvas-width=\"694.9066998023982\">Dwa czy trzy lata temu urz\u0105dzi\u0142em du\u017ca wystaw\u0119 50 obraz\u00f3w, 100 rysunk\u00f3w i 100 zdj\u0119\u0107 artystycznych Beksi\u0144skiego w Domu plastyka, w Warszawie. Jak ju\u017c wspomnia\u0142em, jestem w trakcie zabieg\u00f3w o stworzenie w Warszawie sta\u0142ej wystawy Mistrza. Zabiegi te trwaj ju\u017c od trzech lat i mo\u017ce zaowocuj\u0105 w po\u0142owie 2015 roku&#8230; Je\u015bli wszystko p\u00f3jdzie dobrze to ju\u017c w pocz\u0105tkach 2014 roku mamy podpisywa\u0107 \u201dlist intencyjny\u201d w tej sprawie z Muzeum Historycznym miasta Warszawy. Miejscem wystawowym ma by\u0107 Pa\u0142ac Kultury i Nauki w Warszawie. Ale wole nic wi\u0119cej nie pisa\u0107 o tych planach, bo przede mn\u0105 jeszcze wiele przeszk\u00f3d do pokonania i wiele niepewno\u015bci.<\/div>\n<div dir=\"ltr\" data-angle=\"0\" data-font-name=\"g_font_311_0\" data-canvas-width=\"152.72000728225703\"><\/div>\n<div dir=\"ltr\" data-angle=\"0\" data-font-name=\"g_font_311_0\" data-canvas-width=\"152.72000728225703\"><strong>Agnieszka Chwia\u0142kowska:<\/strong><\/div>\n<div dir=\"ltr\" data-angle=\"0\" data-font-name=\"g_font_311_0\" data-canvas-width=\"367.2133508434296\">Serdecznie dzi\u0119kuj\u0119 za udzielenie odpowiedzi na moje pytania.<\/div>\n<\/div>\n<\/div>\n<\/div>\n<\/div>\n<\/div>\n<\/div>\n<\/div>\n<p style=\"text-align: center;\"><a href=\"https:\/\/www.touchofart.eu\/Zdzislaw-Beksinski\/zbe17-Bez-tytulu\/\"><img loading=\"lazy\" decoding=\"async\" class=\" wp-image-1634 aligncenter\" title=\"Zdzis\u0142aw Beksi\u0144ski\" alt=\"Beksi\u0144ski Zdzis\u0142aw 4\" src=\"https:\/\/www.touchofart.eu\/blog\/wp-content\/uploads\/2014\/01\/Beksi\u0144ski-Zdzis\u0142aw-4.jpg\" width=\"452\" height=\"428\" srcset=\"https:\/\/www.touchofart.eu\/blog\/wp-content\/uploads\/2014\/01\/Beksi\u0144ski-Zdzis\u0142aw-4.jpg 628w, https:\/\/www.touchofart.eu\/blog\/wp-content\/uploads\/2014\/01\/Beksi\u0144ski-Zdzis\u0142aw-4-300x284.jpg 300w\" sizes=\"(max-width: 452px) 100vw, 452px\" \/><\/a><\/p>\n<p style=\"text-align: center;\"><em>Zapraszamy do Galerii Touch of Art &#8211; w naszej ofercie znajdziecie Pa\u0144stwo<a href=\"https:\/\/www.touchofart.eu\/Zdzislaw-Beksinski\/galeria\/\"> Obrazy Zdzis\u0142awa Beksi\u0144skiego<\/a><\/em><\/p>\n","protected":false},"excerpt":{"rendered":"<p>Agnieszka Chwia\u0142kowska: Powiedzia\u0142 Pan kiedy\u015b, \u017ce zainteresowa\u0142 si\u0119 sztuk\u0105 ju\u017c w liceum, a p\u00f3\u017aniej chadza\u0142 w niedziele do Luwru, aby podziwia\u0107 dawnych mistrz\u00f3w. Dlaczego wi\u0119c postanowi\u0142 Pan zainwestowa\u0107 akurat w Beksi\u0144skiego? Czy trudno by\u0142o nam\u00f3wi\u0107 Mistrza do wsp\u00f3\u0142pracy? Piotr Dmochowski: Je\u015bli powiedzia\u0142em kiedy\u015b, \u017ce sztuk\u0105 interesowa\u0142em si\u0119 ju\u017c w liceum, to sk\u0142ama\u0142em. A do Luwru&#8230;<\/p>\n","protected":false},"author":2,"featured_media":1637,"comment_status":"open","ping_status":"open","sticky":false,"template":"","format":"standard","meta":{"footnotes":""},"categories":[12],"tags":[],"_links":{"self":[{"href":"https:\/\/www.touchofart.eu\/blog\/wp-json\/wp\/v2\/posts\/1632"}],"collection":[{"href":"https:\/\/www.touchofart.eu\/blog\/wp-json\/wp\/v2\/posts"}],"about":[{"href":"https:\/\/www.touchofart.eu\/blog\/wp-json\/wp\/v2\/types\/post"}],"author":[{"embeddable":true,"href":"https:\/\/www.touchofart.eu\/blog\/wp-json\/wp\/v2\/users\/2"}],"replies":[{"embeddable":true,"href":"https:\/\/www.touchofart.eu\/blog\/wp-json\/wp\/v2\/comments?post=1632"}],"version-history":[{"count":7,"href":"https:\/\/www.touchofart.eu\/blog\/wp-json\/wp\/v2\/posts\/1632\/revisions"}],"predecessor-version":[{"id":2150,"href":"https:\/\/www.touchofart.eu\/blog\/wp-json\/wp\/v2\/posts\/1632\/revisions\/2150"}],"wp:featuredmedia":[{"embeddable":true,"href":"https:\/\/www.touchofart.eu\/blog\/wp-json\/wp\/v2\/media\/1637"}],"wp:attachment":[{"href":"https:\/\/www.touchofart.eu\/blog\/wp-json\/wp\/v2\/media?parent=1632"}],"wp:term":[{"taxonomy":"category","embeddable":true,"href":"https:\/\/www.touchofart.eu\/blog\/wp-json\/wp\/v2\/categories?post=1632"},{"taxonomy":"post_tag","embeddable":true,"href":"https:\/\/www.touchofart.eu\/blog\/wp-json\/wp\/v2\/tags?post=1632"}],"curies":[{"name":"wp","href":"https:\/\/api.w.org\/{rel}","templated":true}]}}