{"id":1559,"date":"2013-09-19T12:34:29","date_gmt":"2013-09-19T10:34:29","guid":{"rendered":"http:\/\/www.touchofart.eu\/blog\/?p=1559"},"modified":"2020-01-08T03:11:47","modified_gmt":"2020-01-08T01:11:47","slug":"wystawa-malarstwa-do-trzech-razy-sztuka","status":"publish","type":"post","link":"https:\/\/www.touchofart.eu\/blog\/wystawa-malarstwa-do-trzech-razy-sztuka\/","title":{"rendered":"Wystawa Malarstwa DO TRZECH RAZY SZTUKA!"},"content":{"rendered":"<p style=\"text-align: center;\">Zapraszamy Pa\u0144stwa na pe\u0142n\u0105 magii wystaw\u0119 malarstwa zatytu\u0142owan\u0105:<\/p>\n<p style=\"text-align: center;\"><strong>DO TRZECH RAZY SZTUKA.<\/strong><\/p>\n<p style=\"text-align: center;\">Na wystawie b\u0119d\u0105 mogli Pa\u0144stwo zapozna\u0107 si\u0119 z malarstwem<\/p>\n<p style=\"text-align: center;\"><em>Alicji S\u0142abo\u0144-Urbaniak, Macieja Urbaniaka oraz Rocha Urbaniaka.<\/em><\/p>\n<p style=\"text-align: center;\">Wernisa\u017c odb\u0119dzie si\u0119 ju\u017c 4.10.2013r. w Galerii w Pa\u0142acu Vauxhall.<\/p>\n<p style=\"text-align: center;\">Niezapomnianych wra\u017ce\u0144!<\/p>\n<p style=\"text-align: center;\">\n<p style=\"text-align: center;\"><a href=\"https:\/\/www.touchofart.eu\/blog\/wp-content\/uploads\/2013\/09\/Wystawa.jpg\"><img loading=\"lazy\" decoding=\"async\" class=\"aligncenter  wp-image-1560\" alt=\"Do trzech razy sztuka\" src=\"https:\/\/www.touchofart.eu\/blog\/wp-content\/uploads\/2013\/09\/Wystawa.jpg\" width=\"542\" height=\"310\" srcset=\"https:\/\/www.touchofart.eu\/blog\/wp-content\/uploads\/2013\/09\/Wystawa.jpg 700w, https:\/\/www.touchofart.eu\/blog\/wp-content\/uploads\/2013\/09\/Wystawa-300x171.jpg 300w, https:\/\/www.touchofart.eu\/blog\/wp-content\/uploads\/2013\/09\/Wystawa-95x54.jpg 95w\" sizes=\"(max-width: 542px) 100vw, 542px\" \/><\/a><\/p>\n","protected":false},"excerpt":{"rendered":"<p>Zapraszamy Pa\u0144stwa na pe\u0142n\u0105 magii wystaw\u0119 malarstwa zatytu\u0142owan\u0105: DO TRZECH RAZY SZTUKA. Na wystawie b\u0119d\u0105 mogli Pa\u0144stwo zapozna\u0107 si\u0119 z malarstwem Alicji S\u0142abo\u0144-Urbaniak, Macieja Urbaniaka oraz Rocha Urbaniaka. Wernisa\u017c odb\u0119dzie si\u0119 ju\u017c 4.10.2013r. w Galerii w Pa\u0142acu Vauxhall. Niezapomnianych wra\u017ce\u0144!<\/p>\n","protected":false},"author":2,"featured_media":1560,"comment_status":"open","ping_status":"open","sticky":false,"template":"","format":"standard","meta":{"footnotes":""},"categories":[12],"tags":[1061,1080,164,1084,1060,163,229,1083,1062,82,1085,370,1081,1082],"_links":{"self":[{"href":"https:\/\/www.touchofart.eu\/blog\/wp-json\/wp\/v2\/posts\/1559"}],"collection":[{"href":"https:\/\/www.touchofart.eu\/blog\/wp-json\/wp\/v2\/posts"}],"about":[{"href":"https:\/\/www.touchofart.eu\/blog\/wp-json\/wp\/v2\/types\/post"}],"author":[{"embeddable":true,"href":"https:\/\/www.touchofart.eu\/blog\/wp-json\/wp\/v2\/users\/2"}],"replies":[{"embeddable":true,"href":"https:\/\/www.touchofart.eu\/blog\/wp-json\/wp\/v2\/comments?post=1559"}],"version-history":[{"count":5,"href":"https:\/\/www.touchofart.eu\/blog\/wp-json\/wp\/v2\/posts\/1559\/revisions"}],"predecessor-version":[{"id":2154,"href":"https:\/\/www.touchofart.eu\/blog\/wp-json\/wp\/v2\/posts\/1559\/revisions\/2154"}],"wp:featuredmedia":[{"embeddable":true,"href":"https:\/\/www.touchofart.eu\/blog\/wp-json\/wp\/v2\/media\/1560"}],"wp:attachment":[{"href":"https:\/\/www.touchofart.eu\/blog\/wp-json\/wp\/v2\/media?parent=1559"}],"wp:term":[{"taxonomy":"category","embeddable":true,"href":"https:\/\/www.touchofart.eu\/blog\/wp-json\/wp\/v2\/categories?post=1559"},{"taxonomy":"post_tag","embeddable":true,"href":"https:\/\/www.touchofart.eu\/blog\/wp-json\/wp\/v2\/tags?post=1559"}],"curies":[{"name":"wp","href":"https:\/\/api.w.org\/{rel}","templated":true}]}}