{"id":1531,"date":"2013-03-24T23:25:22","date_gmt":"2013-03-24T21:25:22","guid":{"rendered":"http:\/\/www.touchofart.eu\/blog\/?p=1531"},"modified":"2020-01-08T03:11:57","modified_gmt":"2020-01-08T01:11:57","slug":"okna-malowane-pedzlem-jaroslawa-jasnikowskiego-wywiad","status":"publish","type":"post","link":"https:\/\/www.touchofart.eu\/blog\/okna-malowane-pedzlem-jaroslawa-jasnikowskiego-wywiad\/","title":{"rendered":"Okna malowane p\u0119dzlem Jaros\u0142awa Ja\u015bnikowskiego &#8211; wywiad"},"content":{"rendered":"<ul>\n<li><strong><strong>\u00a0Uwa\u017ca si\u0119 Pana za jednego z najwa\u017cniejszych przedstawicieli realizmu magicznego. Jakie to uczucie kiedy odbiorcy stawiaj\u0105 Pa\u0144sk\u0105 sztuk\u0119 w jednym rz\u0119dzie z tw\u00f3rczo\u015bci\u0105 Wojciecha Siudmaka, przez kt\u00f3rego osob\u0119 postanowi\u0142 Pan po\u015bwi\u0119ci\u0107 si\u0119 akurat takiemu kierunkowi sztuki?\u00a0<\/strong><\/strong>\n<p><figure id=\"attachment_1532\" aria-describedby=\"caption-attachment-1532\" style=\"width: 223px\" class=\"wp-caption alignright\"><a href=\"https:\/\/www.touchofart.eu\/blog\/wp-content\/uploads\/2013\/03\/samotnia-Jaros\u0142aw-ja\u015b\u0144ikowski.jpg\"><img loading=\"lazy\" decoding=\"async\" class=\"size-medium wp-image-1532\" alt=\"Samotnia\" src=\"https:\/\/www.touchofart.eu\/blog\/wp-content\/uploads\/2013\/03\/samotnia-Jaros\u0142aw-ja\u015b\u0144ikowski-223x300.jpg\" width=\"223\" height=\"300\" srcset=\"https:\/\/www.touchofart.eu\/blog\/wp-content\/uploads\/2013\/03\/samotnia-Jaros\u0142aw-ja\u015b\u0144ikowski-223x300.jpg 223w, https:\/\/www.touchofart.eu\/blog\/wp-content\/uploads\/2013\/03\/samotnia-Jaros\u0142aw-ja\u015b\u0144ikowski.jpg 715w\" sizes=\"(max-width: 223px) 100vw, 223px\" \/><\/a><figcaption id=\"caption-attachment-1532\" class=\"wp-caption-text\"><i>Samotnia<\/i><\/figcaption><\/figure><\/li>\n<\/ul>\n<p>Nie lubi\u0119 uwa\u017ca\u0107 si\u0119 za jakiego\u015b z NAJ, po prostu fajnie jest czu\u0107 si\u0119 docenianym i wiedzie\u0107, \u017ce to co si\u0119 tworzy istnieje w \u015bwiadomo\u015bci szerokiego odbiorcy. Natomiast je\u015bli chodzi o Wojtka Siudmaka, to prawda, \u017ce du\u017co zawdzi\u0119czam jego tw\u00f3rczo\u015bci. Wystawa jego prac w Legnicy w 1998 roku by\u0142a dla mnie wielkim kopniakiem motywacyjnym. Wtedy te\u017c obra\u0142em kierunek w jakim chcia\u0142em pod\u0105\u017ca\u0107 w swym rozwoju artystycznym.<\/p>\n<ul>\n<li><strong>\u00a0Realizm magiczny jest dla mnie\u2026?<\/strong><\/li>\n<\/ul>\n<p>Najciekawsz\u0105, najmniej ograniczaj\u0105c\u0105 form\u0105 przekazu tego co we mnie siedzi.<\/p>\n<ul>\n<li><strong><strong>\u00a0W pierwszych latach tw\u00f3rczo\u015bci \u201eodkry\u0142\u201d\u00a0 Pan sztuk\u0119 Salvadora Dalego \u2013 geniusza, kt\u00f3ry by by\u0107 w centrum uwagi, by\u0142 w stanie w trakcie zaj\u0119\u0107 akademickich uderzy\u0107 g\u0142ow\u0105 o \u015bcian\u0119, aby wszyscy na niego patrzyli. Czy istnieje granica, kt\u00f3rej nie by\u0142by Pan w stanie przekroczy\u0107, gdyby chcia\u0142 Pan by\u0107 w ci\u0105g\u0142ym centrum zainteresowania?<\/strong><\/strong>\n<p><figure id=\"attachment_1535\" aria-describedby=\"caption-attachment-1535\" style=\"width: 224px\" class=\"wp-caption alignright\"><a href=\"https:\/\/www.touchofart.eu\/blog\/wp-content\/uploads\/2013\/03\/Nadsferyczny-Cyklotronista-jasnikowski.jpg\"><img loading=\"lazy\" decoding=\"async\" class=\"size-medium wp-image-1535\" alt=\"Nadsferyczny Cyklotronista \" src=\"https:\/\/www.touchofart.eu\/blog\/wp-content\/uploads\/2013\/03\/Nadsferyczny-Cyklotronista-jasnikowski-224x300.jpg\" width=\"224\" height=\"300\" srcset=\"https:\/\/www.touchofart.eu\/blog\/wp-content\/uploads\/2013\/03\/Nadsferyczny-Cyklotronista-jasnikowski-224x300.jpg 224w, https:\/\/www.touchofart.eu\/blog\/wp-content\/uploads\/2013\/03\/Nadsferyczny-Cyklotronista-jasnikowski-767x1024.jpg 767w, https:\/\/www.touchofart.eu\/blog\/wp-content\/uploads\/2013\/03\/Nadsferyczny-Cyklotronista-jasnikowski.jpg 800w\" sizes=\"(max-width: 224px) 100vw, 224px\" \/><\/a><figcaption id=\"caption-attachment-1535\" class=\"wp-caption-text\"><i>Nadsferyczny Cyklotronista <\/i><\/figcaption><\/figure><\/li>\n<\/ul>\n<p>Salvador Dali, robi\u0142 wiele innych znacznie bardziej dziwniejszych rzeczy, by zwr\u00f3ci\u0107 na siebie uwag\u0119. Ja mam zupe\u0142nie inne podej\u015bcie do tej sprawy. To moje obrazy maj\u0105 by\u0107 w centrum uwagi, one maja m\u00f3wi\u0107 za mnie. Ostatnimi czasy jest du\u017ce parcie na to, by arty\u015bci byli celebrytami, by szokowali, skandalizowali, by ich osoba by\u0142a na pierwszym planie. Jednocze\u015bnie to co tworz\u0105 jest z regu\u0142y bardzo s\u0142abe. Ja natomiast uwa\u017cam, \u017ce dobra sztuka zawsze si\u0119 obroni, bez potrzeby robienia tych wszystkich szopek.<\/p>\n<ul>\n<li><strong>\u00a0<\/strong><strong>Steampunk zajmuje wa\u017cne miejsce w Pa\u0144skiej sztuce. Czy <i>Les Cit\u00e9s Obscures<\/i> autorstwa Fran\u00e7ois Schuitena i Beno\u00eeta Peetersa, <i>Pierwsza brygada<\/i> Tobiasza Pi\u0105tkowskiego lub te\u017c jaki\u015b z film\u00f3w anime wp\u0142yn\u0105\u0142 na Pa\u0144sk\u0105 fascynacj\u0119 akurat tym nurtem?<\/strong><\/li>\n<\/ul>\n<p>Je\u015bli od najm\u0142odszych lat jest si\u0119 fanem film\u00f3w i komiks\u00f3w Science Fiction, a jednocze\u015bnie mi\u0142o\u015bnikiem starych parowoz\u00f3w, sterowc\u00f3w , samolot\u00f3w i powie\u015bci Juliusa Verne to synteza tych zainteresowa\u0144 musi doprowadzi\u0107 w ko\u0144cu do Steampunku. Cho\u0107 powiem szczerze, \u017ce ten nurt jak i sama nazwa jest mi znana od niedawna, przez wiele lat by\u0142em nie\u015bwiadomy tego, \u017ce to co tworz\u0119 ma tak sprecyzowan\u0105 definicj\u0119.<\/p>\n<figure id=\"attachment_1538\" aria-describedby=\"caption-attachment-1538\" style=\"width: 300px\" class=\"wp-caption alignright\"><a href=\"https:\/\/www.touchofart.eu\/blog\/wp-content\/uploads\/2013\/03\/Podstarza\u0142y-wehiku\u0142-czasu-Ja\u015bnikowski.jpg\"><img loading=\"lazy\" decoding=\"async\" class=\"size-medium wp-image-1538\" alt=\"Podstarza\u0142y wehiku\u0142 czasu\" src=\"https:\/\/www.touchofart.eu\/blog\/wp-content\/uploads\/2013\/03\/Podstarza\u0142y-wehiku\u0142-czasu-Ja\u015bnikowski-300x210.jpg\" width=\"300\" height=\"210\" srcset=\"https:\/\/www.touchofart.eu\/blog\/wp-content\/uploads\/2013\/03\/Podstarza\u0142y-wehiku\u0142-czasu-Ja\u015bnikowski-300x210.jpg 300w, https:\/\/www.touchofart.eu\/blog\/wp-content\/uploads\/2013\/03\/Podstarza\u0142y-wehiku\u0142-czasu-Ja\u015bnikowski.jpg 960w\" sizes=\"(max-width: 300px) 100vw, 300px\" \/><\/a><figcaption id=\"caption-attachment-1538\" class=\"wp-caption-text\"><i>Podstarza\u0142y wehiku\u0142 czasu<\/i><\/figcaption><\/figure>\n<ul>\n<li><strong>\u00a0M\u00f3wi Pan, \u017ce jego malarstwo jest podr\u00f3\u017c\u0105 po nieodkrytych \u015bwiatach, co wi\u0119cej, jak mamy okazj\u0119 si\u0119 przekona\u0107 \u2013 bardzo r\u00f3\u017cnorodnych \u015bwiatach. Czy kt\u00f3ry\u015b z nich jest Panu szczeg\u00f3lnie bliski?<\/strong><\/li>\n<\/ul>\n<p>My\u015bl\u0119, \u017ce jest to ci\u0105gle jeden i ten sam \u015bwiat, \u015awiat Nieskr\u0119powanej Wyobra\u017ani, \u015awiat Alternatywny. Odkrywanie jego jest niesamowit\u0105 frajd\u0105. Czuj\u0119 si\u0119 troch\u0119 jak Magellan, tym bardziej, \u017ce tak do ko\u0144ca to nie wiem dok\u0105d jutro zaw\u0119druj\u0119.<\/p>\n<ul>\n<li><strong><strong>A co z podr\u00f3\u017cami poza \u015bwiatem wyobra\u017ani?<\/strong><\/strong>\n<p><figure id=\"attachment_1540\" aria-describedby=\"caption-attachment-1540\" style=\"width: 197px\" class=\"wp-caption alignright\"><a href=\"https:\/\/www.touchofart.eu\/blog\/wp-content\/uploads\/2013\/03\/Balonolot-jaros\u0142aw-jasnikowski.jpg\"><img loading=\"lazy\" decoding=\"async\" class=\"size-medium wp-image-1540\" alt=\"Balonolot\" src=\"https:\/\/www.touchofart.eu\/blog\/wp-content\/uploads\/2013\/03\/Balonolot-jaros\u0142aw-jasnikowski-197x300.jpg\" width=\"197\" height=\"300\" srcset=\"https:\/\/www.touchofart.eu\/blog\/wp-content\/uploads\/2013\/03\/Balonolot-jaros\u0142aw-jasnikowski-197x300.jpg 197w, https:\/\/www.touchofart.eu\/blog\/wp-content\/uploads\/2013\/03\/Balonolot-jaros\u0142aw-jasnikowski.jpg 631w\" sizes=\"(max-width: 197px) 100vw, 197px\" \/><\/a><figcaption id=\"caption-attachment-1540\" class=\"wp-caption-text\"><i>Balonolot<\/i><\/figcaption><\/figure><\/li>\n<\/ul>\n<p>No tu ju\u017c nie jest tak r\u00f3\u017cowo. \u015awiat wyobra\u017ani poch\u0142ania mnie ca\u0142kowicie. Czasami musz\u0119 si\u0119 zmusza\u0107, by zostawi\u0107 malowanie na kilka dni i gdzie\u015b si\u0119 wybra\u0107, zazwyczaj dopiero wtedy przychodzi zdziwienie i pytanie dlaczego tego cz\u0119\u015bciej nie robi\u0119.<\/p>\n<ul>\n<li><strong>Bez wzgl\u0119du na to czy kosmiczno-balonow\u0105 machin\u0105 czy steampunkowym statkiem, odbiorca Pa\u0144skiej sztuki wyrusza w nieustann\u0105 podr\u00f3\u017c poszukuj\u0105c przygody. Czy ci\u0105g\u0142e odkrywanie i poszukiwanie stanowi odbicie Pa\u0144skich pragnie\u0144 z dzieci\u0144stwa?<\/strong><\/li>\n<\/ul>\n<p>Na pewno tak. Ja w og\u00f3le pozwoli\u0142em sobie zachowa\u0107 wiele z dziecka i pewnie dzi\u0119ki temu czuje si\u0119 w duchu bardzo m\u0142ody.<\/p>\n<ul>\n<li><strong>Co najcenniejszego odnalaz\u0142 Pan podczas podr\u00f3\u017cy w swojej wyobra\u017ani?<\/strong><\/li>\n<\/ul>\n<p>Sens \u017cycia. Ja wiem, \u017ce to brzmi bardzo patetycznie, ale gdyby nie ta wyobra\u017ania, to nie by\u0142o by mojej sztuki i mo\u017cliwo\u015bci tworzenia. A je\u015bli nie by\u0142 bym artyst\u0105, to nie wiem kim bym by\u0142. Mo\u017ce sprzedawc\u0105 okular\u00f3w s\u0142onecznych na ryneczku na galaktycznej w Legnicy? Przez kilka lat tak zarabia\u0142em i nie ma w tym nic z\u0142ego.<\/p>\n<ul>\n<li><strong><strong>Pa\u0144skie obrazy uderzaj\u0105 niezwykle szczeg\u00f3\u0142owym potraktowaniem detalu. Id\u0105c wi\u0119c tropem zagadnie\u0144 techniki malarskiej \u2013 rysunek czy kolor?<\/strong><\/strong>\n<p><figure id=\"attachment_1542\" aria-describedby=\"caption-attachment-1542\" style=\"width: 300px\" class=\"wp-caption alignright\"><a href=\"https:\/\/www.touchofart.eu\/blog\/wp-content\/uploads\/2013\/03\/0507-Miasto-Mgie\u0142-1024x673.jpg\"><img loading=\"lazy\" decoding=\"async\" class=\"size-medium wp-image-1542\" alt=\"Miasto Mgie\u0142\" src=\"https:\/\/www.touchofart.eu\/blog\/wp-content\/uploads\/2013\/03\/0507-Miasto-Mgie\u0142-1024x673-300x197.jpg\" width=\"300\" height=\"197\" srcset=\"https:\/\/www.touchofart.eu\/blog\/wp-content\/uploads\/2013\/03\/0507-Miasto-Mgie\u0142-1024x673-300x197.jpg 300w, https:\/\/www.touchofart.eu\/blog\/wp-content\/uploads\/2013\/03\/0507-Miasto-Mgie\u0142-1024x673.jpg 1024w\" sizes=\"(max-width: 300px) 100vw, 300px\" \/><\/a><figcaption id=\"caption-attachment-1542\" class=\"wp-caption-text\"><i>Miasto Mgie\u0142<\/i><\/figcaption><\/figure><\/li>\n<\/ul>\n<p>Obydwie te rzeczy. Nie mo\u017ce by\u0107 dobrego obrazu, bez poprawnie zestawionej kolorystyki, a chc\u0105c malowa\u0107 hiperrealistyczne prace potrzebne jest dobre przygotowanie w rysunku, jak i r\u00f3wnie\u017c znajomo\u015b\u0107 anatomii, perspektywy, geometrii i twierdze\u0144 Talesa.<\/p>\n<ul>\n<li><strong>Pozostaj\u0105c w kr\u0119gu technicznym \u2013 czy istniej\u0105 jakie\u015b \u015bci\u015ble okre\u015blone etapy, jakie\u015b schematy, wed\u0142ug kt\u00f3rych wykonuje Pan swoje prace?<\/strong><\/li>\n<\/ul>\n<p>To jest tak jak z tworzeniem wszech\u015bwiata. Najwa\u017cniejsza jest ta kr\u00f3tka chwila na pocz\u0105tku, kt\u00f3ra nadaje wszystkiemu sens, ta chwila w kt\u00f3rej niespodziewanie pojawia si\u0119 wizja, taka Era Plancka. Potem to ju\u017c leci samo, szkice koncepcyjne, wyb\u00f3r formatu i szkic na p\u0142\u00f3tnie. Kolejnym wa\u017cnym momentem jest dog\u0142\u0119bna wizualizacja obrazu, a kiedy ju\u017c mam wszystko zobaczone, wtedy ko\u0144czy si\u0119 sztuka i zaczyna rzemios\u0142o, czyli nak\u0142adanie farby.<\/p>\n<ul>\n<li><strong><strong>Pos\u0105gi i machiny zostaj\u0105 w Pa\u0144skiej sztuce ucz\u0142owieczone. Czy te twarze nosz\u0105 znamiona jakie\u015b realnej osoby?<\/strong><\/strong>\n<p><figure id=\"attachment_1544\" aria-describedby=\"caption-attachment-1544\" style=\"width: 300px\" class=\"wp-caption alignright\"><a href=\"https:\/\/www.touchofart.eu\/blog\/wp-content\/uploads\/2013\/03\/upad\u0142e-motyle-Jaros\u0142aw-Ja\u015bnikowski.jpg\"><img loading=\"lazy\" decoding=\"async\" class=\"size-medium wp-image-1544\" alt=\"Upad\u0142e omotyle\" src=\"https:\/\/www.touchofart.eu\/blog\/wp-content\/uploads\/2013\/03\/upad\u0142e-motyle-Jaros\u0142aw-Ja\u015bnikowski-300x296.jpg\" width=\"300\" height=\"296\" srcset=\"https:\/\/www.touchofart.eu\/blog\/wp-content\/uploads\/2013\/03\/upad\u0142e-motyle-Jaros\u0142aw-Ja\u015bnikowski-300x296.jpg 300w, https:\/\/www.touchofart.eu\/blog\/wp-content\/uploads\/2013\/03\/upad\u0142e-motyle-Jaros\u0142aw-Ja\u015bnikowski.jpg 960w\" sizes=\"(max-width: 300px) 100vw, 300px\" \/><\/a><figcaption id=\"caption-attachment-1544\" class=\"wp-caption-text\"><i>Upad\u0142e omotyle<\/i><\/figcaption><\/figure><\/li>\n<\/ul>\n<p>Zazwyczaj nie, chodzi mi o sam proces ucz\u0142owieczania przedmiot\u00f3w pozornie martwych, ale dzia\u0142a to te\u017c w drug\u0105 stron\u0119. Cz\u0142owiek nabiera cech maszyny lub kamienia. Pozwalam sobie na zacieranie r\u00f3\u017cnicy miedzy w\u0142a\u015bciwo\u015bciami materii.<\/p>\n<ul>\n<li><strong>Co najwa\u017cniejszego chce da\u0107 Jaros\u0142aw Ja\u015bnikowski odbiorcy swoich dzie\u0142?<\/strong><\/li>\n<\/ul>\n<p>Wgl\u0105d do innego \u015bwiata. To jest jak tworzenie okien, poprzez kt\u00f3re mo\u017cna zobaczy\u0107 \u015awiat Alternatywny. Przy czym nie do ko\u0144ca czuj\u0119 si\u0119 architektem tego \u015bwiata. Bardziej jestem obserwatorem, Opowie\u015bciomalarzem.<\/p>\n<ul>\n<li><strong>Motyw snu na sta\u0142e go\u015bci w Pa\u0144skiej tw\u00f3rczo\u015bci. Czy pami\u0119ta Pan sw\u00f3j najgorszy koszmar i najpi\u0119kniejszy sen?<\/strong><\/li>\n<\/ul>\n<p>Najgorszych nie pami\u0119tam, a najpi\u0119kniejsze to s\u0105 te, kiedy pokonuj\u0119 grawitacje i latam. Lubi\u0119 te\u017c kiedy przy\u015bni mi si\u0119 kto\u015b, kto ju\u017c odszed\u0142. Fajnie jest spotka\u0107 si\u0119 z dziadkiem, zobaczy\u0107 jego u\u015bmiech, nawet je\u015bli odszed\u0142 dziesi\u0119\u0107 lat temu.<\/p>\n<ul>\n<li><strong><strong>Kt\u00f3r\u0105 z swoich wystaw najlepiej Pan wspomina?<\/strong><\/strong>\n<p><figure id=\"attachment_1546\" aria-describedby=\"caption-attachment-1546\" style=\"width: 210px\" class=\"wp-caption alignright\"><a href=\"https:\/\/www.touchofart.eu\/blog\/wp-content\/uploads\/2013\/03\/koniec-XX-wieku-Jaros\u0142aw-Ja\u015bnikowski.jpg\"><img loading=\"lazy\" decoding=\"async\" class=\"size-medium wp-image-1546\" alt=\"Koniec XX wieku\" src=\"https:\/\/www.touchofart.eu\/blog\/wp-content\/uploads\/2013\/03\/koniec-XX-wieku-Jaros\u0142aw-Ja\u015bnikowski-210x300.jpg\" width=\"210\" height=\"300\" srcset=\"https:\/\/www.touchofart.eu\/blog\/wp-content\/uploads\/2013\/03\/koniec-XX-wieku-Jaros\u0142aw-Ja\u015bnikowski-210x300.jpg 210w, https:\/\/www.touchofart.eu\/blog\/wp-content\/uploads\/2013\/03\/koniec-XX-wieku-Jaros\u0142aw-Ja\u015bnikowski.jpg 673w\" sizes=\"(max-width: 210px) 100vw, 210px\" \/><\/a><figcaption id=\"caption-attachment-1546\" class=\"wp-caption-text\"><i>Koniec XX wieku<\/i><\/figcaption><\/figure><\/li>\n<\/ul>\n<p>Trudno mi wybra\u0107 jak\u0105\u015b konkretn\u0105, zawsze jest mi mi\u0142o spotka\u0107 si\u0119 z lud\u017ami, \u00a0m\u00f3c im da\u0107 to co si\u0119 ma najlepszego.<\/p>\n<ul>\n<li><strong>Jakie plany dotycz\u0105ce swojej dalszej drogi artystycznej ma Jaros\u0142aw Ja\u015bnikowski?<\/strong><\/li>\n<\/ul>\n<p>Najwa\u017cniejsze plany zwi\u0105zane s\u0105 z obrazami, jakie chcia\u0142 bym namalowa\u0107, a teczka z projektami staje si\u0119 coraz grubsza. Zapewne te\u017c w najbli\u017cszych latach bardziej zaanga\u017cuj\u0119 si\u0119 w tworzenie obraz\u00f3w stanowi\u0105cych zwarte cykle. Kr\u0119ci mnie tematyka historyczna, czy te\u017c naukowa, szczeg\u00f3lnie kosmologia, fizyka. Fajnie by by\u0142o pokaza\u0107 to w formie obraz\u00f3w. Oczywi\u015bcie s\u0105 te\u017c plany zwi\u0105zane z wystawami, jak i pomys\u0142y na ciekawe wydawnictwa, mo\u017ce jaki\u015b album. Zobaczymy.<\/p>\n<ul>\n<li><strong>Serdecznie dzi\u0119kuj\u0119 za udzielenie odpowiedzi na moje pytania, \u017cycz\u0119 dalszych sukces\u00f3w artystycznych.<\/strong><\/li>\n<\/ul>\n<p>Dzi\u0119kuj\u0119<\/p>\n<p>&nbsp;    <\/p>\n","protected":false},"excerpt":{"rendered":"<p>\u00a0Uwa\u017ca si\u0119 Pana za jednego z najwa\u017cniejszych przedstawicieli realizmu magicznego. Jakie to uczucie kiedy odbiorcy stawiaj\u0105 Pa\u0144sk\u0105 sztuk\u0119 w jednym rz\u0119dzie z tw\u00f3rczo\u015bci\u0105 Wojciecha Siudmaka, przez kt\u00f3rego osob\u0119 postanowi\u0142 Pan po\u015bwi\u0119ci\u0107 si\u0119 akurat takiemu kierunkowi sztuki?\u00a0 Nie lubi\u0119 uwa\u017ca\u0107 si\u0119 za jakiego\u015b z NAJ, po prostu fajnie jest czu\u0107 si\u0119 docenianym i wiedzie\u0107, \u017ce to&#8230;<\/p>\n","protected":false},"author":3,"featured_media":1548,"comment_status":"open","ping_status":"open","sticky":false,"template":"","format":"standard","meta":{"footnotes":""},"categories":[12],"tags":[1079,893,1072,1078,1069,1074,1054,1077,1070,895,147,1071,1068,894,1073,82,1076,1067,1075],"_links":{"self":[{"href":"https:\/\/www.touchofart.eu\/blog\/wp-json\/wp\/v2\/posts\/1531"}],"collection":[{"href":"https:\/\/www.touchofart.eu\/blog\/wp-json\/wp\/v2\/posts"}],"about":[{"href":"https:\/\/www.touchofart.eu\/blog\/wp-json\/wp\/v2\/types\/post"}],"author":[{"embeddable":true,"href":"https:\/\/www.touchofart.eu\/blog\/wp-json\/wp\/v2\/users\/3"}],"replies":[{"embeddable":true,"href":"https:\/\/www.touchofart.eu\/blog\/wp-json\/wp\/v2\/comments?post=1531"}],"version-history":[{"count":11,"href":"https:\/\/www.touchofart.eu\/blog\/wp-json\/wp\/v2\/posts\/1531\/revisions"}],"predecessor-version":[{"id":2155,"href":"https:\/\/www.touchofart.eu\/blog\/wp-json\/wp\/v2\/posts\/1531\/revisions\/2155"}],"wp:featuredmedia":[{"embeddable":true,"href":"https:\/\/www.touchofart.eu\/blog\/wp-json\/wp\/v2\/media\/1548"}],"wp:attachment":[{"href":"https:\/\/www.touchofart.eu\/blog\/wp-json\/wp\/v2\/media?parent=1531"}],"wp:term":[{"taxonomy":"category","embeddable":true,"href":"https:\/\/www.touchofart.eu\/blog\/wp-json\/wp\/v2\/categories?post=1531"},{"taxonomy":"post_tag","embeddable":true,"href":"https:\/\/www.touchofart.eu\/blog\/wp-json\/wp\/v2\/tags?post=1531"}],"curies":[{"name":"wp","href":"https:\/\/api.w.org\/{rel}","templated":true}]}}