{"id":1513,"date":"2013-03-08T00:02:29","date_gmt":"2013-03-07T22:02:29","guid":{"rendered":"http:\/\/www.touchofart.eu\/blog\/?p=1513"},"modified":"2020-01-08T03:12:07","modified_gmt":"2020-01-08T01:12:07","slug":"o-sztuke-pytan-kilka-czyli-rozmowa-z-maciejem-urbaniakiem","status":"publish","type":"post","link":"https:\/\/www.touchofart.eu\/blog\/o-sztuke-pytan-kilka-czyli-rozmowa-z-maciejem-urbaniakiem\/","title":{"rendered":"O sztuk\u0119 pyta\u0144 kilka &#8211; rozmowa z Maciejem Urbaniakiem"},"content":{"rendered":"<ul>\n<li><strong>To na czym widz skupia uwag\u0119 kiedy pierwszy raz styka si\u0119 z Pana sztuk\u0105, to powierzchnie obraz\u00f3w, kt\u00f3re zdaj\u0105 si\u0119 drga\u0107 lub te\u017c wygl\u0105da\u0107 tak, jakby zosta\u0142y utkane, niczym gobeliny. Do czego przywi\u0105zuje Pan szczeg\u00f3ln\u0105 uwag\u0119 podczas procesu tw\u00f3rczego?\u00a0<\/strong><\/li>\n<\/ul>\n<p>Maluj\u0105c obraz zawsze mam wcze\u015bniej w g\u0142owie gotowe wyobra\u017cenie na temat tego, co chc\u0119 nim osi\u0105gn\u0105\u0107, do czego zmierzam. I cho\u0107 najbardziej zale\u017cy mi na zbudowaniu atmosfery i nastroju, poczucia intymno\u015bci (zw\u0142aszcza w aktach i erotykach), to warstwa formalna jest zawsze bardzo wa\u017cnym aspektem. Dlatego uwa\u017cam, \u017ce \u201e tkanie\u201d obraz\u00f3w za pomoc\u0105 farby, nadaje im zmys\u0142owo\u015bci, i ciesz\u0119 si\u0119, \u017ce tak jest to odbierane.<\/p>\n<ul>\n<li><strong>Pa\u0144ska technika jest bardzo szczeg\u00f3\u0142owa, co niew\u0105tpliwie wymaga wiele cierpliwo\u015bci. Czy w \u017cyciu, tak jak i w sztuce, jest Pan cierpliwym cz\u0142owiekiem?<\/strong><\/li>\n<\/ul>\n<p>Je\u017celi wymaga tego sytuacja, to jak najbardziej:)\u00a0Ale nie w sytuacji kiedy czas jest marnowany, a nie wykorzystywany.<\/p>\n<ul>\n<li><strong><strong>Motywem, do kt\u00f3rego nieustanie Pan powraca jest kobieta. Czy ma ona jakie\u015b szczeg\u00f3lne znaczenie w Pa\u0144skiej sztuce?<\/strong><\/strong>\n<p><figure id=\"attachment_1514\" aria-describedby=\"caption-attachment-1514\" style=\"width: 300px\" class=\"wp-caption alignright\"><a href=\"https:\/\/www.touchofart.eu\/blog\/wp-content\/uploads\/2013\/03\/Maciej-Urbaniak-\u015bpi\u0105ca-panna.jpg\"><img loading=\"lazy\" decoding=\"async\" class=\"size-medium wp-image-1514\" src=\"https:\/\/www.touchofart.eu\/blog\/wp-content\/uploads\/2013\/03\/Maciej-Urbaniak-\u015bpi\u0105ca-panna-300x239.jpg\" alt=\"\" width=\"300\" height=\"239\" srcset=\"https:\/\/www.touchofart.eu\/blog\/wp-content\/uploads\/2013\/03\/Maciej-Urbaniak-\u015bpi\u0105ca-panna-300x239.jpg 300w, https:\/\/www.touchofart.eu\/blog\/wp-content\/uploads\/2013\/03\/Maciej-Urbaniak-\u015bpi\u0105ca-panna.jpg 960w\" sizes=\"(max-width: 300px) 100vw, 300px\" \/><\/a><figcaption id=\"caption-attachment-1514\" class=\"wp-caption-text\">\u015api\u0105ca Panna<\/figcaption><\/figure><\/li>\n<\/ul>\n<p>Nie tylko w sztuce. Od najdawniejszych czas\u00f3w kobieta zajmuje najwa\u017cniejsze miejsce zar\u00f3wno w sztukach plastycznych, w literaturze czy aspektach kultury, takich jak religia, mistyka. Kobiety daj\u0105 \u017cycie, kobiety je piel\u0119gnuj\u0105, kobieta to mi\u0142o\u015b\u0107, a czasami cierpienie. To kwintesencja \u017cycia i dlatego s\u0105 tak wyj\u0105tkowe i wa\u017cne. Tak\u017ce w moim malarstwie.<\/p>\n<ul>\n<li><strong>A jak\u0105 rol\u0119 pe\u0142ni w prawdziwym \u017cyciu?<\/strong><\/li>\n<\/ul>\n<p>Jest nie tylko inspiracj\u0105. Staje si\u0119 te\u017c przyjaci\u00f3\u0142k\u0105, powierniczk\u0105, osob\u0105, bez kt\u00f3rej prze\u017cywanie \u017cycia nie ma sensu. Dlatego tak wielkim szcz\u0119\u015bciem jest znalezienie tej swojej \u201edrugiej po\u0142owy\u201d.<\/p>\n<ul>\n<li><strong>W Pa\u0144skich obrazach jawi si\u0119 \u015bwiat pe\u0142en rado\u015bci zaakcentowanej poprzez odcienie r\u00f3\u017cnorakich kolor\u00f3w. Czy malarstwo jest dla Pana ucieczk\u0105 od szarej codzienno\u015bci, czy wr\u0119cz na odwr\u00f3t \u2013 Pa\u0144skie \u017cycie namalowane zosta\u0142o ca\u0142ym wachlarzem r\u00f3\u017cnorodnych barw?<\/strong><\/li>\n<\/ul>\n<p>Je\u015bli chodzi o kolor i nastr\u00f3j, to moje malarstwo jest chyba wr\u0119cz odzwierciedleniem mojego \u017cycia, a nie ucieczk\u0105 od niego. Mam ogromne szcz\u0119\u015bcie mie\u0107 wspania\u0142\u0105 \u017con\u0119 i syna, wspania\u0142ych przyjaci\u00f3\u0142 i zaj\u0119cie kt\u00f3re kocham. A gdy szukam inspiracji, to wraz z \u017con\u0105, kt\u00f3ra te\u017c jest artystk\u0105, podr\u00f3\u017cujemy po \u015bwiecie. Jak zawsze, pojawiaj\u0105 si\u0119 te\u017c szaro\u015bci i p\u00f3\u0142cienie, ale na szcz\u0119cie nie na tyle \u017ceby trzeba by\u0142o przed nimi ucieka\u0107:)<\/p>\n<ul>\n<li><strong>\u00a0Kolor dla fowist\u00f3w by\u0142 no\u015bnikiem emocji oraz \u201epierwszym i wystarczaj\u0105cym warunkiem\u201d. Jak\u0105 rol\u0119 pe\u0142ni za\u015b w Pana sztuce?<\/strong><\/li>\n<\/ul>\n<p>Wydaje mi si\u0119, \u017ce nie ma a\u017c tak kluczowego znaczenia. Do rozumienia koloru w spos\u00f3b Fowist\u00f3w chyba zdecydowanie bli\u017cej mojej \u017conie:) Dla mnie kolor jest niezwykle wa\u017cnym elementem ca\u0142o\u015bci, ale jednak nie czynnikiem najwa\u017cniejszym. W moich obrazach wa\u017cna jest narracja, opowiedziana historia. Kolor nadaje danej sytuacji nastr\u00f3j i emocje, ale sam, bez \u201erysunku\u201d i tematu nie by\u0142by wystarczaj\u0105cy.<\/p>\n<ul>\n<li><strong><strong>Inspiracj\u0105 dla Macieja Urbaniaka jest\u2026<\/strong><\/strong>\n<p><figure id=\"attachment_1518\" aria-describedby=\"caption-attachment-1518\" style=\"width: 300px\" class=\"wp-caption alignright\"><a href=\"https:\/\/www.touchofart.eu\/blog\/wp-content\/uploads\/2013\/03\/Maciej-Urbaniak-Villa-w-Salernes.jpg\"><img loading=\"lazy\" decoding=\"async\" class=\"size-medium wp-image-1518\" src=\"https:\/\/www.touchofart.eu\/blog\/wp-content\/uploads\/2013\/03\/Maciej-Urbaniak-Villa-w-Salernes-300x237.jpg\" alt=\"\" width=\"300\" height=\"237\" srcset=\"https:\/\/www.touchofart.eu\/blog\/wp-content\/uploads\/2013\/03\/Maciej-Urbaniak-Villa-w-Salernes-300x237.jpg 300w, https:\/\/www.touchofart.eu\/blog\/wp-content\/uploads\/2013\/03\/Maciej-Urbaniak-Villa-w-Salernes-1024x811.jpg 1024w, https:\/\/www.touchofart.eu\/blog\/wp-content\/uploads\/2013\/03\/Maciej-Urbaniak-Villa-w-Salernes.jpg 1429w\" sizes=\"(max-width: 300px) 100vw, 300px\" \/><\/a><figcaption id=\"caption-attachment-1518\" class=\"wp-caption-text\">Villa w Salernes<\/figcaption><\/figure><\/li>\n<\/ul>\n<p>Na pewno od zawsze du\u017ce wra\u017cenie robi\u0142 na mnie Klimt czy Mucha. Zreszt\u0105 ca\u0142a estetyka secesji jest mi bardzo bliska. Ale ogromny wp\u0142yw maj\u0105 te\u017c podr\u00f3\u017ce \u2013 architektura Toskanii, s\u0142o\u0144ce Prowansji. W Indiach zafascynowa\u0142y mnie p\u0142askorze\u017aby z Khajuraho, w Nepalu ornamentyka i mocne kolory codzienno\u015bci. Z Indonezji i Filipin przywioz\u0142em niezapomniane obrazy raf koralowych, kt\u00f3re te\u017c cz\u0119sto goszcz\u0105 na moich p\u0142\u00f3tnach.<\/p>\n<ul>\n<li><strong>M\u00f3wi si\u0119, \u017ce artyst\u0119 mo\u017cna pozna\u0107 poprzez jego sztuk\u0119. Gdyby mia\u0142 Pan wi\u0119c okre\u015bli\u0107 swoj\u0105 tw\u00f3rczo\u015b\u0107 jednym s\u0142owem, jaki by\u0142by to termin?<\/strong><\/li>\n<\/ul>\n<p>Mo\u017ce tak si\u0119 m\u00f3wi, ale szukanie takich s\u0142\u00f3w-kluczy zostawi\u0119 jednak innym:) Dla mniej najwa\u017cniejszym wyznacznikiem, jest \u017ceby w zgodzie z sob\u0105, swoj\u0105 wyobra\u017ani\u0105 i estetyk\u0105 m\u00f3c powiedzie\u0107 o obrazie, \u017ce jest dok\u0142adnie takim, jakim chcia\u0142em \u017ceby by\u0142, kiedy zaczyna\u0142em go malowa\u0107.<\/p>\n<ul>\n<li><strong>Czy istnieje jaki\u015b artysta, kt\u00f3rego tw\u00f3rczo\u015b\u0107 w szczeg\u00f3lno\u015bci Pan podziwia?<\/strong><\/li>\n<\/ul>\n<p>Tak jak napisa\u0142em wcze\u015bniej na pewno jest to Klimt czy Mucha. Ale mog\u0119 \u015bmia\u0142o si\u0119 przyzna\u0107, \u017ce je\u017celi chodzi np. o warsztat rysunkowy, to jako wieloletni fan serii komiks\u00f3w o Thorgalu bardzo lubi\u0119 tw\u00f3rczo\u015b\u0107 Grzegorza Rosi\u0144skiego:)<\/p>\n<ul>\n<li><strong>Pa\u0144skie obrazy znajduj\u0105 si\u0119 w wielu kolekcjach na ca\u0142ym \u015bwiecie. W czym tkwi tajemnica ich sukcesu?<\/strong><\/li>\n<\/ul>\n<p>O to nale\u017ca\u0142oby zapyta\u0107 kolekcjoner\u00f3w i galerie, z kt\u00f3rymi pracuj\u0119. Mo\u017ce to, \u017ce nawi\u0105zuj\u0105c do jednego z poprzednich pyta\u0144, pomagaj\u0105 komu\u015b oderwa\u0107 si\u0119 od szarej codzienno\u015bci?<\/p>\n<ul>\n<li><strong>Czy w\u0119druje Pan razem ze swoimi p\u0142\u00f3tnami aby pozna\u0107 ich nowych w\u0142a\u015bcicieli?<\/strong><\/li>\n<\/ul>\n<p>Tu nie ma regu\u0142y. Natomiast ogromnie lubi\u0119, czy to na wernisa\u017cu, czy te\u017c prywatnie w mojej pracowni, spotyka\u0107 si\u0119 z lud\u017ami, kt\u00f3rzy interesuj\u0105 si\u0119 moj\u0105 sztuk\u0105. Jest to zawsze bardzo mi\u0142a i inspiruj\u0105ca wymiana my\u015bli. Czasami te\u017c takie spotkania ko\u0144cz\u0105 si\u0119 wieloletnimi przyja\u017aniami.<\/p>\n<ul>\n<li><strong>Owymi nowymi w\u0142a\u015bcicielami s\u0105 Polacy mieszkaj\u0105cy poza granicami kraju, czy mo\u017ce raczej obcokrajowcy?<\/strong><\/li>\n<\/ul>\n<p>Tutaj tak\u017ce nie ma jaki\u015b ustalonych zasad. Na pewno cieszy, \u017ce pomimo informacji o kryzysie, pojawia si\u0119 coraz wi\u0119cej ludzi, cz\u0119sto m\u0142odych, dopiero zaczynaj\u0105cych ludzi interesu, kt\u00f3rzy ju\u017c czuj\u0105 potrzeb\u0119 kolekcjonowania sztuki. To wspania\u0142e, bo \u015bwiadczy o tym, \u017ce po ponad 20 latach wreszcie dogonili\u015bmy zachodni\u0105 Europ\u0119. Przynajmniej je\u015bli chodzi o podej\u015bcie do sztuki.<\/p>\n<figure id=\"attachment_1520\" aria-describedby=\"caption-attachment-1520\" style=\"width: 300px\" class=\"wp-caption alignright\"><a href=\"https:\/\/www.touchofart.eu\/blog\/wp-content\/uploads\/2013\/03\/Maciej-Urbaniak-Rafa-Koralowa.jpg\"><img loading=\"lazy\" decoding=\"async\" class=\"size-medium wp-image-1520\" src=\"https:\/\/www.touchofart.eu\/blog\/wp-content\/uploads\/2013\/03\/Maciej-Urbaniak-Rafa-Koralowa-300x239.jpg\" alt=\"\" width=\"300\" height=\"239\" srcset=\"https:\/\/www.touchofart.eu\/blog\/wp-content\/uploads\/2013\/03\/Maciej-Urbaniak-Rafa-Koralowa-300x239.jpg 300w, https:\/\/www.touchofart.eu\/blog\/wp-content\/uploads\/2013\/03\/Maciej-Urbaniak-Rafa-Koralowa.jpg 960w\" sizes=\"(max-width: 300px) 100vw, 300px\" \/><\/a><figcaption id=\"caption-attachment-1520\" class=\"wp-caption-text\">Rafa Koralowa<\/figcaption><\/figure>\n<ul>\n<li><strong><strong>Pa\u0144ski syn \u2013 Roch \u2013 rozpocz\u0105\u0142 studia na krakowskiej ASP, czy chcia\u0142by Pan, aby tak jak jego rodzice zosta\u0142 artyst\u0105?<\/strong><\/strong><\/li>\n<\/ul>\n<p>M\u00f3j syn nie tylko rozpocz\u0105\u0142, ale ju\u017c zako\u0144czy\u0142, 2 lata temu, studia na krakowskiej ASP. I czy mi si\u0119 to podoba, czy nie, ju\u017c zosta\u0142 artyst\u0105:) A tak na serio to bardzo si\u0119 ciesz\u0119 i jestem dumny, \u017ce po studiach Roch bardzo dobrze sobie radzi na rynku sztuki i ma ju\u017c na swoim koncie sporo sukces\u00f3w, z du\u017c\u0105 indywidualn\u0105 wystaw\u0105 w USA w\u0142\u0105cznie.<\/p>\n<ul>\n<li><strong>Pozostaj\u0105c w kr\u0119gu rodzinnym. Alicja S\u0142abo\u0144-Urbaniak, Pana \u017cona, r\u00f3wnie\u017c jest artystk\u0105 zajmuj\u0105c\u0105 si\u0119 malarstwem zawodowo. Czy nie my\u015bleli Pa\u0144stwo nigdy o stworzeniu wsp\u00f3lnego projektu? A mo\u017ce wr\u0119cz przeciwnie \u2013 \u00a0jakiej\u015b konfrontacji artystycznej w rodzinie Urbaniak\u00f3w?<\/strong><\/li>\n<\/ul>\n<p>Rozmawiali\u015bmy z \u017con\u0105 o takiej mo\u017cliwo\u015bci, ale doszli\u015bmy do przekonania \u017ce nie mia\u0142oby to wi\u0119kszego sensu. Znale\u017ali\u015bmy razem nie\u0142atw\u0105 do osi\u0105gni\u0119cia r\u00f3wnowag\u0119, gdzie od ponad 20 lat, dzie\u0144 w dzie\u0144, dwoje artyst\u00f3w mo\u017ce razem bezkonfliktowo pracowa\u0107 w jednej pracowni. I co wa\u017cniejsze, \u015bwiadomie czy nie, nie wywiera\u0107 na swoje malarstwo niemal \u017cadnego wp\u0142ywu. Bardzo to sobie cenimy. Cho\u0107 oczywi\u015bcie nie raz brali\u015bmy udzia\u0142 we wsp\u00f3lnych wystawach. Ostatnio nawet, w Holandii i we Florencji, razem z naszym synem.<\/p>\n<ul>\n<li><strong>Gdyby dosta\u0142 Pan mo\u017cliwo\u015b\u0107 i m\u00f3g\u0142 raz jeszcze zapisa\u0107 puste karty opowiadaj\u0105ce histori\u0119 \u017cycia Macieja Urbaniaka \u2013 czy co\u015b potoczy\u0142oby si\u0119 inaczej?<\/strong><\/li>\n<\/ul>\n<p>Nie.\u00a0<strong>\u00a0 <\/strong><\/p>\n<ul>\n<li><strong>Pa\u0144skie obrazy mo\u017cna kupi\u0107 w wybranych przez Pana galeriach w Polsce, a gdzie i kiedy b\u0119dzie mo\u017cna zobaczy\u0107 najbli\u017csz\u0105 wystaw\u0119?<\/strong><\/li>\n<\/ul>\n<p>Na pewno w tym roku.<\/p>\n<p>&nbsp;<\/p>\n<p><strong>Serdecznie dzi\u0119kuj\u0119 za udzielenie odpowiedzi na moje pytania, \u017cycz\u0119 dalszych sukces\u00f3w artystycznych.<\/strong><\/p>\n<p>&nbsp;<\/p>\n<p>&nbsp;   <\/p>\n","protected":false},"excerpt":{"rendered":"<p>To na czym widz skupia uwag\u0119 kiedy pierwszy raz styka si\u0119 z Pana sztuk\u0105, to powierzchnie obraz\u00f3w, kt\u00f3re zdaj\u0105 si\u0119 drga\u0107 lub te\u017c wygl\u0105da\u0107 tak, jakby zosta\u0142y utkane, niczym gobeliny. Do czego przywi\u0105zuje Pan szczeg\u00f3ln\u0105 uwag\u0119 podczas procesu tw\u00f3rczego?\u00a0 Maluj\u0105c obraz zawsze mam wcze\u015bniej w g\u0142owie gotowe wyobra\u017cenie na temat tego, co chc\u0119 nim osi\u0105gn\u0105\u0107,&#8230;<\/p>\n","protected":false},"author":3,"featured_media":1518,"comment_status":"open","ping_status":"open","sticky":false,"template":"","format":"standard","meta":{"footnotes":""},"categories":[12],"tags":[58,1061,209,656,1063,787,1064,205,664,1060,1065,1062,624,1066],"_links":{"self":[{"href":"https:\/\/www.touchofart.eu\/blog\/wp-json\/wp\/v2\/posts\/1513"}],"collection":[{"href":"https:\/\/www.touchofart.eu\/blog\/wp-json\/wp\/v2\/posts"}],"about":[{"href":"https:\/\/www.touchofart.eu\/blog\/wp-json\/wp\/v2\/types\/post"}],"author":[{"embeddable":true,"href":"https:\/\/www.touchofart.eu\/blog\/wp-json\/wp\/v2\/users\/3"}],"replies":[{"embeddable":true,"href":"https:\/\/www.touchofart.eu\/blog\/wp-json\/wp\/v2\/comments?post=1513"}],"version-history":[{"count":11,"href":"https:\/\/www.touchofart.eu\/blog\/wp-json\/wp\/v2\/posts\/1513\/revisions"}],"predecessor-version":[{"id":2156,"href":"https:\/\/www.touchofart.eu\/blog\/wp-json\/wp\/v2\/posts\/1513\/revisions\/2156"}],"wp:featuredmedia":[{"embeddable":true,"href":"https:\/\/www.touchofart.eu\/blog\/wp-json\/wp\/v2\/media\/1518"}],"wp:attachment":[{"href":"https:\/\/www.touchofart.eu\/blog\/wp-json\/wp\/v2\/media?parent=1513"}],"wp:term":[{"taxonomy":"category","embeddable":true,"href":"https:\/\/www.touchofart.eu\/blog\/wp-json\/wp\/v2\/categories?post=1513"},{"taxonomy":"post_tag","embeddable":true,"href":"https:\/\/www.touchofart.eu\/blog\/wp-json\/wp\/v2\/tags?post=1513"}],"curies":[{"name":"wp","href":"https:\/\/api.w.org\/{rel}","templated":true}]}}