{"id":1057,"date":"2012-07-21T20:47:10","date_gmt":"2012-07-21T18:47:10","guid":{"rendered":"http:\/\/www.touchofart.eu\/blog\/?p=1057"},"modified":"2020-01-08T03:18:08","modified_gmt":"2020-01-08T01:18:08","slug":"jublileusz-gustava-klimta","status":"publish","type":"post","link":"https:\/\/www.touchofart.eu\/blog\/jublileusz-gustava-klimta\/","title":{"rendered":"Jublileusz Gustava Klimta"},"content":{"rendered":"<p>2012r. to jubileuszowy rok<strong> Gustava Klimta<\/strong>. Artysta obchodzi\u0142by 150 urodziny i t\u0119 okazj\u0119 postanowi\u0142a w szczeg\u00f3lny spos\u00f3b uczci\u0107 ca\u0142a Austria &#8211; ojczyzna malarza. W\u00a0 kraju odbywaj\u0105 si\u0119 liczne wystawy, wyk\u0142ady i wycieczki plenerowe po\u015bwi\u0119cone dzia\u0142alno\u015bci Klimta.<\/p>\n<p>&nbsp;<\/p>\n<p>Jego pierwszymi pracami by\u0142y freski na wiede\u0144skich klatkach schodowych. Artysta pragn\u0105\u0142 jednak czego\u015b wi\u0119cej. D\u0105\u017cy\u0142 do wypracowania jedynego w swoim rodzaju stylu, kt\u00f3ry stanowi\u0142by jego niepowtarzalny, malarski j\u0119zyk. Nie trzeba odpowiada\u0107 na pytanie, czy mu si\u0119 to uda\u0142o&#8230;<\/p>\n<p>&nbsp;<\/p>\n<p>Prawdziwym prze\u0142omem dla Klimta by\u0142a nagroda Grand Prix za Obraz <em>&#8222;Filozofia&#8221;<\/em>, kt\u00f3ry stanowi\u0142 pierwszy krok do podbicia Europy, a nast\u0119pnie \u015bwiata. Jednak to dzie\u0142o <em>&#8222;The Kiss&#8221;<\/em>\u00a0 jest per\u0142\u0105 w tw\u00f3rczo\u015bci Artysty. Wielk\u0105 popularno\u015bci\u0105 cieszy si\u0119 tak\u017ce Obraz <em>&#8222;Portrait of Adele Bloch-Bauer I<\/em>&#8222;, sprzedany za <strong>135 mln dolar\u00f3w!<\/strong><\/p>\n<p>&nbsp;<\/p>\n<p>&nbsp;<\/p>\n<p style=\"text-align: center;\"><a href=\"https:\/\/www.touchofart.eu\/blog\/wp-content\/uploads\/2012\/07\/Gustav-Klimt-2.jpg\"><img loading=\"lazy\" decoding=\"async\" class=\"aligncenter  wp-image-1058\" title=\"Gustav Klimt &quot;The Kiss&quot;\" src=\"https:\/\/www.touchofart.eu\/blog\/wp-content\/uploads\/2012\/07\/Gustav-Klimt-2.jpg\" alt=\"\" width=\"500\" height=\"506\" srcset=\"https:\/\/www.touchofart.eu\/blog\/wp-content\/uploads\/2012\/07\/Gustav-Klimt-2.jpg 893w, https:\/\/www.touchofart.eu\/blog\/wp-content\/uploads\/2012\/07\/Gustav-Klimt-2-295x300.jpg 295w\" sizes=\"(max-width: 500px) 100vw, 500px\" \/><\/a><em>foto: thestarvingarthistorian&#8217;s catalogue<\/em><\/p>\n<p style=\"text-align: center;\">\n<p style=\"text-align: center;\">\n<p style=\"text-align: center;\"><a href=\"https:\/\/www.touchofart.eu\/blog\/wp-content\/uploads\/2012\/07\/Gustav-Klimt.jpg\"><img loading=\"lazy\" decoding=\"async\" class=\"aligncenter size-full wp-image-1059\" title=\"Gustav Klimt &quot;Portrait of Adele Bloch-Bauer I&quot;\" src=\"https:\/\/www.touchofart.eu\/blog\/wp-content\/uploads\/2012\/07\/Gustav-Klimt.jpg\" alt=\"\" width=\"400\" height=\"417\" srcset=\"https:\/\/www.touchofart.eu\/blog\/wp-content\/uploads\/2012\/07\/Gustav-Klimt.jpg 400w, https:\/\/www.touchofart.eu\/blog\/wp-content\/uploads\/2012\/07\/Gustav-Klimt-287x300.jpg 287w\" sizes=\"(max-width: 400px) 100vw, 400px\" \/><\/a><em>foto: Tektonika Uczu\u0107<\/em><\/p>\n<p style=\"text-align: center;\">\n<p style=\"text-align: center;\">\n<p style=\"text-align: left;\">\u0179r\u00f3d\u0142o:\u00a0 austria.info.uk<\/p>\n<p style=\"text-align: left;\">\u00a0\u00a0\u00a0\u00a0\u00a0\u00a0\u00a0\u00a0\u00a0\u00a0\u00a0\u00a0\u00a0\u00a0\u00a0\u00a0 rynek-sztuki.pl<\/p>\n<p style=\"text-align: left;\">\n<p style=\"text-align: left;\">&#8212;&#8212;&#8212;&#8212;&#8212;&#8212;&#8212;&#8212;&#8212;&#8212;&#8212;&#8212;&#8212;&#8212;&#8212;&#8212;&#8212;&#8212;&#8212;&#8212;&#8212;&#8212;&#8212;&#8212;&#8212;&#8212;&#8212;&#8212;&#8212;&#8212;&#8212;&#8212;&#8212;&#8212;&#8212;&#8212;&#8212;&#8212;&#8212;-<\/p>\n<p style=\"text-align: left;\">Propozycja Galerii TouchofArt<\/p>\n<figure id=\"attachment_1060\" aria-describedby=\"caption-attachment-1060\" style=\"width: 160px\" class=\"wp-caption alignleft\"><a href=\"https:\/\/www.touchofart.eu\/Marek-Kubski\/mku220-Kopia-wg-Gustawa-Klimta\/\"><img loading=\"lazy\" decoding=\"async\" class=\" wp-image-1060\" title=\"Kopia wg Gustawa Klimta\" src=\"https:\/\/www.touchofart.eu\/blog\/wp-content\/uploads\/2012\/07\/Kopia_wg_Gustawa_Klimta_mku220-v-298x300.jpg\" alt=\"Kopia wg. Gustawa Klimta, Marek Kubski\" width=\"160\" height=\"162\" srcset=\"https:\/\/www.touchofart.eu\/blog\/wp-content\/uploads\/2012\/07\/Kopia_wg_Gustawa_Klimta_mku220-v-298x300.jpg 298w, https:\/\/www.touchofart.eu\/blog\/wp-content\/uploads\/2012\/07\/Kopia_wg_Gustawa_Klimta_mku220-v.jpg 517w\" sizes=\"(max-width: 160px) 100vw, 160px\" \/><\/a><figcaption id=\"caption-attachment-1060\" class=\"wp-caption-text\">Kopia wg. Gustawa Klimta, Marek Kubski<\/figcaption><\/figure>\n<p style=\"text-align: left;\">\n","protected":false},"excerpt":{"rendered":"<p>2012r. to jubileuszowy rok Gustava Klimta. Artysta obchodzi\u0142by 150 urodziny i t\u0119 okazj\u0119 postanowi\u0142a w szczeg\u00f3lny spos\u00f3b uczci\u0107 ca\u0142a Austria &#8211; ojczyzna malarza. W\u00a0 kraju odbywaj\u0105 si\u0119 liczne wystawy, wyk\u0142ady i wycieczki plenerowe po\u015bwi\u0119cone dzia\u0142alno\u015bci Klimta. &nbsp; Jego pierwszymi pracami by\u0142y freski na wiede\u0144skich klatkach schodowych. Artysta pragn\u0105\u0142 jednak czego\u015b wi\u0119cej. D\u0105\u017cy\u0142 do wypracowania jedynego&#8230;<\/p>\n","protected":false},"author":2,"featured_media":1058,"comment_status":"open","ping_status":"open","sticky":false,"template":"","format":"standard","meta":{"footnotes":""},"categories":[12],"tags":[634,627,108,235,633,635,625,629,628,446,631,455,624,462,630,626,632],"_links":{"self":[{"href":"https:\/\/www.touchofart.eu\/blog\/wp-json\/wp\/v2\/posts\/1057"}],"collection":[{"href":"https:\/\/www.touchofart.eu\/blog\/wp-json\/wp\/v2\/posts"}],"about":[{"href":"https:\/\/www.touchofart.eu\/blog\/wp-json\/wp\/v2\/types\/post"}],"author":[{"embeddable":true,"href":"https:\/\/www.touchofart.eu\/blog\/wp-json\/wp\/v2\/users\/2"}],"replies":[{"embeddable":true,"href":"https:\/\/www.touchofart.eu\/blog\/wp-json\/wp\/v2\/comments?post=1057"}],"version-history":[{"count":3,"href":"https:\/\/www.touchofart.eu\/blog\/wp-json\/wp\/v2\/posts\/1057\/revisions"}],"predecessor-version":[{"id":2191,"href":"https:\/\/www.touchofart.eu\/blog\/wp-json\/wp\/v2\/posts\/1057\/revisions\/2191"}],"wp:featuredmedia":[{"embeddable":true,"href":"https:\/\/www.touchofart.eu\/blog\/wp-json\/wp\/v2\/media\/1058"}],"wp:attachment":[{"href":"https:\/\/www.touchofart.eu\/blog\/wp-json\/wp\/v2\/media?parent=1057"}],"wp:term":[{"taxonomy":"category","embeddable":true,"href":"https:\/\/www.touchofart.eu\/blog\/wp-json\/wp\/v2\/categories?post=1057"},{"taxonomy":"post_tag","embeddable":true,"href":"https:\/\/www.touchofart.eu\/blog\/wp-json\/wp\/v2\/tags?post=1057"}],"curies":[{"name":"wp","href":"https:\/\/api.w.org\/{rel}","templated":true}]}}